{"id":18524,"date":"2021-01-21T12:37:12","date_gmt":"2021-01-21T12:37:12","guid":{"rendered":"http:\/\/fwcpfcf.cluster026.hosting.ovh.net\/el-govern-acorda-amb-els-agents-socials-prorrogar-els-erto-fins-al-31-de-maig\/"},"modified":"2021-01-21T12:47:42","modified_gmt":"2021-01-21T12:47:42","slug":"el-govern-acorda-amb-els-agents-socials-prorrogar-els-erto-fins-al-31-de-maig","status":"publish","type":"post","link":"https:\/\/www.jda.es\/ca\/el-govern-acorda-amb-els-agents-socials-prorrogar-els-erto-fins-al-31-de-maig\/","title":{"rendered":"El Govern acorda amb els agents socials prorrogar els ERTO fins al 31 de maig"},"content":{"rendered":"<div class=\"summary\">\n<p><span style=\"color: #000000;\">Govern i agents socials han arribat a un acord per prorrogar els ERTO fins al 31 de maig de 2021. Les condicions del comprom\u00eds s\u00f3n similars a les vigents actualment, protegint els treballadors i les empreses, mantenint la flexibilitat del model actual d&#8217;ERTO i simplificant la tramitaci\u00f3. La salvaguarda de l&#8217;ocupaci\u00f3 es prorroga en els termes que regeixen en l&#8217;actualitat. Aquest acord est\u00e0 pendent de plasmar-se en el Reial decret que sortir\u00e0 publicat al BOE.<\/span><\/p>\n<\/div>\n<div class=\"content\">\n<p><span style=\"color: #000000;\">L&#8217;informem que el Govern ha arribat a un nou acord amb els agents socials per prorrogar els ERTO des del 1 de febrer fins al 31 de maig, que es plasmar\u00e0 en el corresponent Reial decret per a la seva publicaci\u00f3 al BOE.<\/span><\/p>\n<p><span style=\"color: #000000;\">Les condicions del comprom\u00eds s\u00f3n similars a les vigents actualment, protegint els treballadors i les empreses, mantenint la flexibilitat del model actual d&#8217;ERTO i simplificant la tramitaci\u00f3. La salvaguarda de l&#8217;ocupaci\u00f3 es prorroga en els termes actuals.<\/span><\/p>\n<p><span style=\"color: #000000;\"><strong>Manteniment de la protecci\u00f3<\/strong><\/span><\/p>\n<p><span style=\"color: #000000;\">L&#8217;acord contempla la pr\u00f2rroga de tots els expedients de regulaci\u00f3 temporal d&#8217;ocupaci\u00f3 (ERTO) basats en causes relacionades amb la COVID-19.<\/span><\/p>\n<p><span style=\"color: #000000;\">Dins d&#8217;aquests ERTO, es reconeixen de nou exoneracions a empreses que en siguin titulars i que pertanyin a sectors amb una elevada taxa de cobertura per l&#8217;expedient i una redu\u00efda taxa de recuperaci\u00f3 d&#8217;activitat, si b\u00e9 s&#8217;utilitzen criteris objectius m\u00e9s generosos per determinar aquests sectors, la qual cosa d\u00f3na lloc a la incorporaci\u00f3 de nous CNAE, que impliquen que es protegeixi empreses que donen ocupaci\u00f3 a gaireb\u00e9 50.000 treballadors m\u00e9s.<\/span><\/p>\n<p><span style=\"color: #000000;\">Els ERTO mantenen la flexibilitat en la seva aplicaci\u00f3.<\/span><\/p>\n<p><span style=\"color: #000000;\"><strong>Nous ERTO<\/strong><\/span><\/p>\n<p><span style=\"color: #000000;\">Es preveu expressament la possibilitat que aquelles empreses que es vegin afectades per restriccions que impedeixin o limitin la seva activitat sol\u00b7licitin a l&#8217;autoritat laboral un ERTO de limitacions o impediment en id\u00e8ntics termes de tramitaci\u00f3 i requisits que els del III Acord Social en Defensa de l&#8217;Ocupaci\u00f3.<\/span><\/p>\n<p><span style=\"color: #000000;\">Els ERTO Covid basats en causes econ\u00f2miques, t\u00e8cniques, organitzatives i de producci\u00f3 (ETOP) es podran continuar beneficiant tant de la simplificaci\u00f3 de tr\u00e0mits prevista en l&#8217;article 23 del\u00a0<a class=\"external\" style=\"color: #000000;\" href=\"https:\/\/www.boe.es\/buscar\/pdf\/2020\/BOE-A-2020-3824-consolidado.pdf\" target=\"_blank\" rel=\"external noopener\">Reial decret llei 8\/2020<\/a>\u00a0com de la possibilitat, inexistent en la seva regulaci\u00f3 ordin\u00e0ria, de tramitar una pr\u00f2rroga presentant davant l&#8217;autoritat laboral un acord en aquest sentit amb la representaci\u00f3 unit\u00e0ria o sindical.<\/span><\/p>\n<p><span style=\"color: #000000;\"><strong>Simplificaci\u00f3 de tr\u00e0mits<\/strong><\/span><\/p>\n<p><span style=\"color: #000000;\">Les empreses que siguin titulars d&#8217;un ERTO per impediment o per limitacions, autoritzat abans o durant la vig\u00e8ncia d&#8217;aquesta norma, no hauran de sol\u00b7licitar i tramitar un nou expedient davant l&#8217;autoritat laboral per a passar de l&#8217;un a l&#8217;altre per a accedir a les exoneracions derivades d&#8217;una modulaci\u00f3 de les restriccions sanit\u00e0ries que els facin situar-se en impediment d&#8217;activitat des d&#8217;una limitaci\u00f3 a aquesta, o viceversa.<\/span><\/p>\n<p><span style=\"color: #000000;\">N&#8217;hi haur\u00e0 prou si remeten una comunicaci\u00f3 en aquest sentit a l&#8217;autoritat laboral que hagi dictat la resoluci\u00f3 corresponent a l&#8217;ERTO del qual \u00e9s titular, i a la representaci\u00f3 dels treballadors, per accedir als beneficis. Tampoc ser\u00e0 necessari que remetin una nova sol\u00b7licitud col\u00b7lectiva de prestacions al SEPE.<\/span><\/p>\n<p><span style=\"color: #000000;\"><strong>Mesures d&#8217;acompanyament<\/strong><\/span><\/p>\n<p><span style=\"color: #000000;\">Es mant\u00e9 el comprom\u00eds de manteniment de l&#8217;ocupaci\u00f3, en els termes en els quals el recollia el\u00a0<a class=\"external\" style=\"color: #000000;\" href=\"https:\/\/www.boe.es\/buscar\/pdf\/2020\/BOE-A-2020-11416-consolidado.pdf\" target=\"_blank\" rel=\"external noopener\">Reial decret llei 30\/2020<\/a>, que implica que les empreses, una vegada complert el per\u00edode de 6 mesos de salvaguarda derivat de les normes pr\u00e8vies a aquesta disposici\u00f3 i el que respon als beneficis referits en aquest Reial decret llei (un altre per\u00edode de 6 mesos), es comprometen, en contrapartida amb els beneficis per les exoneracions regulades en la nova norma, al manteniment de l&#8217;ocupaci\u00f3 durant un nou per\u00edode de 6 mesos de durada.<\/span><\/p>\n<p><span style=\"color: #000000;\">Es mantenen els l\u00edmits al repartiment de dividends i la transpar\u00e8ncia fiscal, els l\u00edmits a la realitzaci\u00f3 d&#8217;hores extraordin\u00e0ries i externalitzacions de l&#8217;activitat, la prohibici\u00f3 de l&#8217;acomiadament i la interrupci\u00f3 dels contractes temporals.<\/span><\/p>\n<p><span style=\"color: #000000;\"><strong>Mecanismes de protecci\u00f3<\/strong><\/span><\/p>\n<p><span style=\"color: #000000;\">Es continuar\u00e0 aplicant l&#8217;exempci\u00f3 del per\u00edode de car\u00e8ncia, el comptador a zero, l&#8217;augment del 50% al 70% del percentatge de c\u00e0lcul de la base reguladora per als qui hagin consumit 180 dies de prestaci\u00f3, els beneficis aplicables als treballadors fixos discontinus (inclosa la prestaci\u00f3 extraordin\u00e0ria) i la millora de protecci\u00f3 de les persones afectades per ERTO amb contracte a temps parcial.<\/span><\/p>\n<p><span style=\"color: #000000;\"><strong>Exoneracions aplicables<\/strong><\/span><\/p>\n<p><span style=\"color: #000000;\">Les tipologies d&#8217;ERTO amb exoneracions fins al 31 de maig inclouen:<\/span><\/p>\n<ul>\n<li><span style=\"color: #000000;\">Sectors ultraprotegits. Aquests sectors, indicats a la\u00a0<a class=\"external\" style=\"color: #000000;\" href=\"https:\/\/www.lamoncloa.gob.es\/serviciosdeprensa\/notasprensa\/trabajo14\/Documents\/2021\/190121-ListadoSectoresERTE.pdf\" target=\"_blank\" rel=\"external noopener\">llista de codis CNAE adjunta<\/a>\u00a0i la seva cadena de valor, tindran unes exoneracions del 85% per a les empreses amb menys de 50 treballadors i del 75% per a les que en tenen 50 o m\u00e9s. Les exoneracions seran les mateixes tant per als treballadors suspesos com per als que es reincorporin als seus llocs de treball. Aquesta llista es va ampliar el passat 22 desembre i ara hi entren nous sectors (5530 -c\u00e0mpings i aparcament de caravanes-, 7734 &#8211; lloguer de mitjans de navegaci\u00f3- 9604 -activitat de manteniment f\u00edsic-), mentre que en surten tres (1393 -fabricaci\u00f3 de catifes-, 2431 -Estiratge en fred- i 3220 &#8211; Fabricaci\u00f3 d&#8217;instruments musicals-).<\/span><\/li>\n<\/ul>\n<p><span style=\"color: #000000;\">En aquest llistat s&#8217;han incl\u00f2s aquelles empreses que la seva CNAE entre finals d&#8217;abril i finals de desembre no han recuperat l&#8217;activitat en percentatge inferior al 70% i amb un percentatge d&#8217;afiliats coberts pels ERTO m\u00e9s gran del 15%.<\/span><\/p>\n<ul>\n<li><span style=\"color: #000000;\">Les empreses que vegin impedit el desenvolupament de la seva activitat en algun dels seus centres de treball com a conseq\u00fc\u00e8ncia de les restriccions administratives per lluitar contra la pand\u00e8mia podran sol\u00b7licitar un &#8220;ERTO d&#8217;impediment&#8221;. Aquestes empreses tindran una exoneraci\u00f3 en les seves cotitzacions a la Seguretat Social durant el per\u00edode de tancament i fins al 31 de maig de 2021, que ser\u00e0 del 100% de l&#8217;aportaci\u00f3 empresarial durant el per\u00edode de tancament i fins al 31 de maig si tenen menys de 50 treballadors i del 90% si en tenen 50 o m\u00e9s.<\/span><\/li>\n<li><span style=\"color: #000000;\">ERTO de limitaci\u00f3. Les empreses o entitats que vegin limitat el desenvolupament de la seva activitat en alguns dels seus centres de treball com a conseq\u00fc\u00e8ncia de decisions o mesures adoptades per autoritats podran sol\u00b7licitar a l&#8217;autoritat laboral un &#8220;ERTO per limitacions&#8221;. En aquest cas, les exoneracions seran decreixents fins al 31 de maig destacant, a m\u00e9s, que comen\u00e7aran pel 100% al febrer per a empreses de menys de 50 treballadors i del 90% per a aquelles de 50 treballadors o m\u00e9s.<\/span><\/li>\n<\/ul>\n<p><span style=\"color: #000000;\">Actualment, hi ha 704.000 treballadors en ERTO, dels quals 450.000 estan en alguna de les modalitats que comporten exoneracions a la Seguretat Social. Uns 193.000 estaven en ERTO de sectors ultraprotegits, mentre que 49.800 de la seva cadena de valor estaven protegits per aquest mecanisme.<\/span><\/p>\n<p><span style=\"color: #000000;\">En ERTO d&#8217;impediment hi ha 32.000 treballadors protegits i uns altres 175.000 estaven a 18 de gener sota la figura de l&#8217;ERTO de limitaci\u00f3. En aquests casos, s&#8217;aprecia una oscil\u00b7laci\u00f3 del nombre de treballadors protegits, l\u00f2gica, ja que es van adaptant a les restriccions administratives que es van aprovant. Fora de les modalitats del RD 30\/2020, ja sense exoneracions a la Seguretat Social, es mantenen uns altres 254.000 treballadors. Aquestes modalitats es troben en un descens continu.<\/span><\/p>\n<p><span style=\"color: #000000;\"><strong><em>Font: La Moncloa<\/em><\/strong><\/span><\/p>\n<p><span style=\"color: #000000;\">Es poden posar en contacte amb aquest despatx professional per qualsevol dubte o aclariment que puguin tenir sobre aquest tema. Comptem amb un gran equip de<a style=\"color: #000000;\" href=\"https:\/\/www.jda.es\/ca\/serveis\/laboral-rrhh-capital-huma\/\" target=\"_blank\" rel=\"noopener\"><strong> assessors laborals<\/strong> <\/a>especialitzats en <strong>assessorament laboral<\/strong> per a empreses.\u00a0<\/span><\/p>\n<hr \/>\n<p><span style=\"color: #000000;\"><strong>JDA SFAI\u00a0<\/strong><\/span><\/p>\n<\/div>\n","protected":false},"excerpt":{"rendered":"<p>Govern i agents socials han arribat a un acord per prorrogar els ERTO fins al 31 de maig de 2021. Les condicions del comprom\u00eds s\u00f3n similars a les vigents actualment, protegint els treballadors i les empreses, mantenint la flexibilitat del model actual d&#8217;ERTO i simplificant la tramitaci\u00f3. La salvaguarda de l&#8217;ocupaci\u00f3 es prorroga en els<\/p>\n","protected":false},"author":50,"featured_media":18520,"comment_status":"open","ping_status":"open","sticky":false,"template":"","format":"standard","meta":{"rs_blank_template":"","rs_page_bg_color":"","slide_template_v7":"","footnotes":""},"categories":[825],"tags":[],"class_list":["post-18524","post","type-post","status-publish","format-standard","has-post-thumbnail","hentry","category-actualitat-laboral"],"_links":{"self":[{"href":"https:\/\/www.jda.es\/ca\/wp-json\/wp\/v2\/posts\/18524","targetHints":{"allow":["GET"]}}],"collection":[{"href":"https:\/\/www.jda.es\/ca\/wp-json\/wp\/v2\/posts"}],"about":[{"href":"https:\/\/www.jda.es\/ca\/wp-json\/wp\/v2\/types\/post"}],"author":[{"embeddable":true,"href":"https:\/\/www.jda.es\/ca\/wp-json\/wp\/v2\/users\/50"}],"replies":[{"embeddable":true,"href":"https:\/\/www.jda.es\/ca\/wp-json\/wp\/v2\/comments?post=18524"}],"version-history":[{"count":0,"href":"https:\/\/www.jda.es\/ca\/wp-json\/wp\/v2\/posts\/18524\/revisions"}],"wp:featuredmedia":[{"embeddable":true,"href":"https:\/\/www.jda.es\/ca\/wp-json\/wp\/v2\/media\/18520"}],"wp:attachment":[{"href":"https:\/\/www.jda.es\/ca\/wp-json\/wp\/v2\/media?parent=18524"}],"wp:term":[{"taxonomy":"category","embeddable":true,"href":"https:\/\/www.jda.es\/ca\/wp-json\/wp\/v2\/categories?post=18524"},{"taxonomy":"post_tag","embeddable":true,"href":"https:\/\/www.jda.es\/ca\/wp-json\/wp\/v2\/tags?post=18524"}],"curies":[{"name":"wp","href":"https:\/\/api.w.org\/{rel}","templated":true}]}}