{"id":18442,"date":"2021-01-15T10:48:08","date_gmt":"2021-01-15T10:48:08","guid":{"rendered":"http:\/\/fwcpfcf.cluster026.hosting.ovh.net\/?p=18442"},"modified":"2021-01-15T10:52:01","modified_gmt":"2021-01-15T10:52:01","slug":"catalunya-saproven-nous-ajuts-economics-per-a-leducacio-en-loci-i-activitats-extraescolars","status":"publish","type":"post","link":"https:\/\/www.jda.es\/ca\/catalunya-saproven-nous-ajuts-economics-per-a-leducacio-en-loci-i-activitats-extraescolars\/","title":{"rendered":"Catalunya: S&#8217;aproven nous ajuts econ\u00f2mics per a l&#8217;educaci\u00f3 en l&#8217;oci i activitats extraescolars"},"content":{"rendered":"<p><span style=\"color: #000000;\">El Govern de la Generalitat ha aprovat una nova l\u00ednia addicional d&#8217;ajuts extraordinaris en l&#8217;\u00e0mbit de l&#8217;educaci\u00f3 en el temps lliure i de les activitats extraescolars per fer front a les conseq\u00fc\u00e8ncies de la COVID-19. Consisteix en un import global de 6 milions d&#8217;euros en forma de prestaci\u00f3 econ\u00f2mica de pagament \u00fanic, dirigides a empreses, treballadors aut\u00f2noms i entitats del sector de l&#8217;oci educatiu i de les activitats extraescolars. No poden demanar aquests ajuts els clubs federats esportius.<\/span><\/p>\n<p><span style=\"color: #000000;\">L&#8217;informem que al DOGC del dia 14 de gener s&#8217;ha publicat el <a style=\"color: #000000;\" href=\"https:\/\/portaldogc.gencat.cat\/utilsEADOP\/PDF\/8315\/1831094.pdf\"><em>DECRET LLEI 2\/2021, de 12 de gener<\/em><\/a>, d&#8217;ajuts extraordinaris en l&#8217;\u00e0mbit de l&#8217;educaci\u00f3 en l&#8217;oci i de les activitats extraescolars per fer front a les conseq\u00fc\u00e8ncies de la COVID-19, i que han vist suspesa o afectada la seva activitat per la Resoluci\u00f3 SLT\/1\/2021, de 4 de gener.<\/span><\/p>\n<p><span style=\"color: #000000;\"><strong>A qui es dirigeixen aquests ajuts?<\/strong><\/span><\/p>\n<p><span style=\"color: #000000;\">Empreses, treballadors aut\u00f2noms i entitats del sector de l&#8217;oci educatiu i de les activitats extraescolars.<\/span><\/p>\n<p><span style=\"color: #000000;\">No poden demanar aquests ajuts els clubs federats esportius.<\/span><\/p>\n<p><span style=\"color: #000000;\"><strong>Quina \u00e9s la quantia dels ajuts?<\/strong><\/span><\/p>\n<ul>\n<li><span style=\"color: #000000;\">Ajuts dirigits a entitats inscrites en el Cens d&#8217;Entitats Juvenils de la Direcci\u00f3 General de Joventut (DGJ) que fan activitats d&#8217;oci educatiu entre setmana dirigides a nens i joves d&#8217;entre 3 i 18 anys: <strong>1.500 \u20ac per entitat<\/strong>.<\/span><\/li>\n<li><span style=\"color: #000000;\">Ajuts dirigits a treballadors aut\u00f2noms, empreses i altres entitats que realitzin activitats extraescolars: <strong>1.500 \u20ac per sol\u00b7licitant<\/strong>.<\/span><\/li>\n<li><span style=\"color: #000000;\">Ajuts dirigits a entitats, empreses i treballadors aut\u00f2noms titulars o gestores d&#8217;instal\u00b7lacions inscrites al Registre d&#8217;Instal\u00b7lacions Juvenils (DGJ): <strong>2.500 \u20ac per instal\u00b7laci\u00f3<\/strong>.<\/span><\/li>\n<\/ul>\n<p><span style=\"color: #000000;\"><strong>Qu\u00e8 es considera activitat d&#8217;oci?<\/strong><\/span><\/p>\n<p><span style=\"color: #000000;\">Es consideren activitats d&#8217;oci educatiu totes les que contribueixen al creixement dels nens, adolescents i joves i propicien la ciutadania activa, i que duen a terme un perfil d&#8217;activitats diverses i no especialitzades mitjan\u00e7ant eines pedag\u00f2giques pr\u00f2pies de l&#8217;educaci\u00f3 en oci.<\/span><\/p>\n<p><span style=\"color: #000000;\"><strong>Qu\u00e8 es consideren activitats extraescolars?<\/strong><\/span><\/p>\n<ol>\n<li><span style=\"color: #000000;\">Les activitats instructives, esportives, art\u00edstiques o formatives en general que es fan fora de l&#8217;horari lectiu en centres educatius que imparteixen ensenyaments obligatoris i que estiguin incloses en la programaci\u00f3 anual dels centres del curs 2020-2021.<\/span><\/li>\n<li><span style=\"color: #000000;\">Les activitats i modalitats formatives i educatives dirigides a nens i joves d&#8217;entre 3 i 18 anys no incloses en el punt anterior, i que sigui una de les seg\u00fcents:<\/span><\/li>\n<\/ol>\n<ul>\n<li><span style=\"color: #000000;\">Els ensenyaments no reglats de r\u00e8gim especial.<\/span><\/li>\n<li><span style=\"color: #000000;\">Els ensenyaments no reglats d&#8217;idiomes.<\/span><\/li>\n<li><span style=\"color: #000000;\">Les relacionades amb la m\u00fasica i la dansa.<\/span><\/li>\n<li><span style=\"color: #000000;\">Les relacionades amb les arts pl\u00e0stiques i esc\u00e8niques.<\/span><\/li>\n<li><span style=\"color: #000000;\">Les activitats relacionades amb les tecnologies.<\/span><\/li>\n<li><span style=\"color: #000000;\">Les no individuals de refor\u00e7 i acompanyament escolar impartides en establiments autoritzats.<\/span><\/li>\n<li><span style=\"color: #000000;\">Les esportives de car\u00e0cter educatiu i no dependents de les federacions esportives.<\/span><\/li>\n<li><span style=\"color: #000000;\">Les activitats d&#8217;oci educatiu descrites aqu\u00ed (inscrites en el Cens d&#8217;Entitats Juvenils de la Direcci\u00f3 General de Joventut (DGJ) que fan activitats d&#8217;oci educatiu entre setmana dirigides a nens i joves d&#8217;entre 3 i 18 anys), realitzades per treballadors aut\u00f2noms, empreses i altres entitats no inscrites en el Cens d&#8217;Entitats Juvenils de la Direcci\u00f3 General de Joventut.<\/span><\/li>\n<\/ul>\n<p><span style=\"color: #000000;\"><strong>Aquest ajut \u00e9s compatible amb d&#8217;altres?<\/strong><\/span><\/p>\n<p><span style=\"color: #000000;\">Aquests ajuts s\u00f3n compatibles amb qualsevol altre ajut.<\/span><\/p>\n<p><span style=\"color: #000000;\">L&#8217;aportaci\u00f3 econ\u00f2mica total \u00e9s de 6 milions d&#8217;euros i totes les sol\u00b7licituds rebudes s&#8217;atendran fins a l&#8217;esgotament del pressupost que es preveu ampliar en cas que no sigui suficient, segons el que indica el DOGC publicat.<\/span><\/p>\n<p><span style=\"color: #000000;\"><strong>Com es demana aquest ajut?<\/strong><\/span><\/p>\n<p><span style=\"color: #000000;\">Nom\u00e9s s&#8217;haur\u00e0 de complir els requisits i presentar la sol\u00b7licitud dins del termini establert mitjan\u00e7ant una declaraci\u00f3 responsable del sol\u00b7licitant i mitjan\u00e7ant els models normalitzats que estaran disponibles en l&#8217;apartat Tr\u00e0mits de la Seu Electr\u00f2nica de la Generalitat de Catalunya.<\/span><\/p>\n<p><span style=\"color: #000000;\"><strong>Encara no es pot demanar, ja que el procediment de tramitaci\u00f3 s&#8217;ha de publicar al DOGC, aix\u00ed com el termini. El mantindrem informat.<\/strong><\/span><\/p>\n<p><span style=\"color: #000000;\">Es poden posar en contacte amb aquest despatx professional per qualsevol dubte o aclariment que puguin tenir sobre aquest tema.<\/span><\/p>\n<hr \/>\n<p><span style=\"color: #000000;\"><strong>JDA SFAI\u00a0<\/strong><\/span><\/p>\n","protected":false},"excerpt":{"rendered":"<p>El Govern de la Generalitat ha aprovat una nova l\u00ednia addicional d&#8217;ajuts extraordinaris en l&#8217;\u00e0mbit de l&#8217;educaci\u00f3 en el temps lliure i de les activitats extraescolars per fer front a les conseq\u00fc\u00e8ncies de la COVID-19. Consisteix en un import global de 6 milions d&#8217;euros en forma de prestaci\u00f3 econ\u00f2mica de pagament \u00fanic, dirigides a empreses,<\/p>\n","protected":false},"author":50,"featured_media":18443,"comment_status":"open","ping_status":"open","sticky":false,"template":"","format":"standard","meta":{"rs_blank_template":"","rs_page_bg_color":"","slide_template_v7":"","footnotes":""},"categories":[766],"tags":[],"class_list":["post-18442","post","type-post","status-publish","format-standard","has-post-thumbnail","hentry","category-legal-ca"],"_links":{"self":[{"href":"https:\/\/www.jda.es\/ca\/wp-json\/wp\/v2\/posts\/18442","targetHints":{"allow":["GET"]}}],"collection":[{"href":"https:\/\/www.jda.es\/ca\/wp-json\/wp\/v2\/posts"}],"about":[{"href":"https:\/\/www.jda.es\/ca\/wp-json\/wp\/v2\/types\/post"}],"author":[{"embeddable":true,"href":"https:\/\/www.jda.es\/ca\/wp-json\/wp\/v2\/users\/50"}],"replies":[{"embeddable":true,"href":"https:\/\/www.jda.es\/ca\/wp-json\/wp\/v2\/comments?post=18442"}],"version-history":[{"count":0,"href":"https:\/\/www.jda.es\/ca\/wp-json\/wp\/v2\/posts\/18442\/revisions"}],"wp:featuredmedia":[{"embeddable":true,"href":"https:\/\/www.jda.es\/ca\/wp-json\/wp\/v2\/media\/18443"}],"wp:attachment":[{"href":"https:\/\/www.jda.es\/ca\/wp-json\/wp\/v2\/media?parent=18442"}],"wp:term":[{"taxonomy":"category","embeddable":true,"href":"https:\/\/www.jda.es\/ca\/wp-json\/wp\/v2\/categories?post=18442"},{"taxonomy":"post_tag","embeddable":true,"href":"https:\/\/www.jda.es\/ca\/wp-json\/wp\/v2\/tags?post=18442"}],"curies":[{"name":"wp","href":"https:\/\/api.w.org\/{rel}","templated":true}]}}