{"id":18391,"date":"2021-01-08T10:14:42","date_gmt":"2021-01-08T10:14:42","guid":{"rendered":"http:\/\/fwcpfcf.cluster026.hosting.ovh.net\/?p=18391"},"modified":"2021-01-08T10:30:10","modified_gmt":"2021-01-08T10:30:10","slug":"devolucio-de-liva-a-empresaris-o-professionals-establerts-al-regne-unit-i-declaracions-duaneres-a-presentar-en-els-moviments-de-mercaderies-entre-tots-dos-territoris","status":"publish","type":"post","link":"https:\/\/www.jda.es\/ca\/devolucio-de-liva-a-empresaris-o-professionals-establerts-al-regne-unit-i-declaracions-duaneres-a-presentar-en-els-moviments-de-mercaderies-entre-tots-dos-territoris\/","title":{"rendered":"Devoluci\u00f3 de l&#8217;IVA a empresaris o professionals establerts al Regne Unit i declaracions duaneres a presentar en els moviments de mercaderies entre tots dos territoris"},"content":{"rendered":"<p><span style=\"color: #000000;\">S&#8217;ha publicat la Resoluci\u00f3 del 4 de gener de 2021 de la DGT que resol l&#8217;exist\u00e8ncia de reciprocitat de tracte per a la devoluci\u00f3 de l&#8217;IVA als empresaris o professionals establerts en els territoris del Regne Unit de Gran Bretanya i Irlanda del Nord, i la Nota Informativa 39\/2020 del Departament de Duanes i Impostos Especials, en la qual es recullen les instruccions per a la formalitzaci\u00f3 de les declaracions duaneres en els moviments de mercaderies entre tots dos territoris.\u00a0Si b\u00e9 la sortida del Regne Unit de la Uni\u00f3 Europea (Brexit) es va produir l&#8217;1 de febrer de 2020, des d&#8217;aquell moment va estar en vigor l&#8217;Acord de Retirada, el qual regulava una sortida ordenada d&#8217;aquest pa\u00eds de la Uni\u00f3 i mantenia l&#8217;aplicaci\u00f3 del patrimoni comunitari de les seves relacions fins al 31 de desembre de 2020.\u00a0A <strong>partir del 1 de gener de 2021<\/strong>, la relaci\u00f3 entre el Regne Unit i la Uni\u00f3 Europea est\u00e0 basada en l&#8217;<strong>Acord de Comer\u00e7 i Cooperaci\u00f3<\/strong>, un acord ambici\u00f3s, per\u00f2 que suposa un important canvi per a ciutadans, empreses i administracions de la UE i del Regne Unit.<\/span><\/p>\n<p><span style=\"color: #000000;\">Un dels interrogants m\u00e9s grans davant els quals s&#8217;han enfrontat les empreses espanyoles finalment t\u00e9 resposta. La sortida efectiva del Regne Unit de la Uni\u00f3 Europea es realitzar\u00e0 de manera pautada despr\u00e9s de l&#8217;acord assolit <em>in extremis<\/em> entre els equips negociadors <strong>el passat 24 de desembre<\/strong>. Despr\u00e9s de mesos, i fins i tot anys, de desacords i desacords, la incertesa d\u00f3na pas a una nova regulaci\u00f3.<\/span><\/p>\n<p><span style=\"color: #000000;\">Es tracta d&#8217;un assumpte que no \u00e9s ni molt menys f\u00fatil per a les empreses espanyoles, perqu\u00e8 avui dia el <strong>Regne Unit \u00e9s un dels principals mercats per a les exportacions espanyoles<\/strong>. Concretament, segons el Banc d&#8217;Espanya, les exportacions en 2019 van arribar a un volum de 20.000 milions d&#8217;euros, convertint el Regne Unit en el cinqu\u00e8 soci comercial, nom\u00e9s per darrere d&#8217;Alemanya, Fran\u00e7a, It\u00e0lia i Portugal.<\/span><\/p>\n<p><span style=\"color: #000000;\">A pesar que ja s&#8217;han avan\u00e7at alguns aspectes i apartats de l&#8217;acord, encara hi ha molts dubtes entre les pimes espanyoles que mantenen tractes comercials amb el Regne Unit<\/span><\/p>\n<p><span style=\"color: #000000;\">En aquest sentit, volem informar-los que en l&#8217;\u00e0mbit tributari s&#8217;han publicat recentment la Resoluci\u00f3 de 4 de gener de 2021 de la DGT que resol l&#8217;exist\u00e8ncia de reciprocitat de tracte per a la devoluci\u00f3 de l&#8217;IVA als empresaris o professionals establerts en els territoris del Regne Unit de Gran Bretanya i Irlanda del Nord, i la Nota Informativa 39\/2020 del Departament de Duanes i Impostos Especials, en la qual es recullen les instruccions per a la formalitzaci\u00f3 de les declaracions duaneres en els moviments de mercaderies entre tots dos territoris.<\/span><\/p>\n<ol>\n<li><span style=\"color: #000000;\"><strong> Devoluci\u00f3 de l&#8217;IVA a empresaris o professionals establerts a Regne Unit<\/strong><\/span><\/li>\n<\/ol>\n<p><span style=\"color: #000000;\">La Resoluci\u00f3 de 4 de gener de 2021 (BOE 05-01-2021) de la Direcci\u00f3 General de Tributs (DGT), resol l&#8217;exist\u00e8ncia de reciprocitat de tracte per a la devoluci\u00f3 de l&#8217;impost sobre el valor afegit (IVA) als empresaris o professionals establerts en els territoris del Regne Unit de Gran Bretanya i Irlanda del Nord.<\/span><\/p>\n<p><span style=\"color: #000000;\">A partir del 1 de gener de 2021, els empresaris o professionals establerts al Regne Unit de Gran Bretanya i Irlanda del Nord i no establerts en el territori d&#8217;aplicaci\u00f3 de l&#8217;impost, ni en la Comunitat, Can\u00e0ries, Ceuta o Melilla, podran sol\u00b7licitar la devoluci\u00f3 de les quotes de l&#8217;IVA suportat per les adquisicions o importacions de b\u00e9ns o serveis realitzades en aquest territori, quan concorrin les condicions i limitacions previstes en l&#8217;article 119 bis de la Llei 37\/1992, de l&#8217;IVA i 31 bis del Reglament de l&#8217;IVA.<\/span><\/p>\n<p><span style=\"color: #000000;\"><strong><em>R\u00e8gim especial de devolucions<\/em><\/strong><\/span><\/p>\n<p><span style=\"color: #000000;\">L&#8217;article 119 bis de la LIVA reconeix als empresaris o professionals no establerts en el territori d&#8217;aplicaci\u00f3 de l&#8217;IVA el dret a la devoluci\u00f3 de l&#8217;impost que hagin satisfet o, en el seu cas, hagin suportat en l&#8217;esmentat territori, d&#8217;acord amb el compliment de determinats requisits i limitacions:<\/span><\/p>\n<ul>\n<li><span style=\"color: #000000;\">1r Els sol\u00b7licitants hauran de nomenar amb car\u00e0cter previ un representant que sigui resident en el territori d&#8217;aplicaci\u00f3 de l&#8217;impost que haur\u00e0 de complir les obligacions formals o de procediment corresponents i que respondr\u00e0 solid\u00e0riament amb aquells en els casos de devoluci\u00f3 improcedent. La Hisenda P\u00fablica podr\u00e0 exigir a aquest representant cauci\u00f3 suficient a aquest efecte.<\/span><\/li>\n<li><span style=\"color: #000000;\">2n Aquests sol\u00b7licitants hauran d&#8217;estar establerts en un estat en qu\u00e8 existeixi reciprocitat de tracte a favor dels empresaris o professionals establerts en el territori d&#8217;aplicaci\u00f3 de l&#8217;impost, Can\u00e0ries, Ceuta i Melilla. El reconeixement de l&#8217;exist\u00e8ncia de la reciprocitat de tracte s&#8217;efectuar\u00e0 per resoluci\u00f3 del Director General de Tributs del Ministeri d&#8217;Economia i Hisenda.<\/span><\/li>\n<li><span style=\"color: #000000;\">3r Per excepci\u00f3 al previst en el n\u00famero anterior, qualsevol empresari i professional no establert a qu\u00e8 es refereix aquest article, podr\u00e0 obtenir la devoluci\u00f3 de les quotes de l&#8217;impost suportades respecte de les importacions de b\u00e9ns i les adquisicions de b\u00e9ns i serveis relatives a:<\/span><\/li>\n<\/ul>\n<p><span style=\"color: #000000;\">&#8211; El subministrament de plantilles, motlles i equips adquirits o importats en el territori d&#8217;aplicaci\u00f3 de l&#8217;impost per l&#8217;empresari o professional no establert, per a la seva posada a disposici\u00f3 a un empresari o professional establert en aquest territori per a ser utilitzats en la fabricaci\u00f3 de b\u00e9ns que siguin expedits o transportats fora de la Comunitat amb destinaci\u00f3 a l&#8217;empresari o professional no establert, sempre que al final de la fabricaci\u00f3 dels b\u00e9ns siguin expedits amb destinaci\u00f3 a l&#8217;empresari o professional no establert o destru\u00efts.<\/span><\/p>\n<p><span style=\"color: #000000;\">&#8211; Els serveis d&#8217;acc\u00e9s, hostaleria, restauraci\u00f3 i transport, vinculats amb l&#8217;assist\u00e8ncia a fires, congressos i exposicions de car\u00e0cter comercial o professional que se celebrin en el territori d&#8217;aplicaci\u00f3 de l&#8217;impost.<\/span><\/p>\n<p><span style=\"color: #000000;\"><strong><em>Irlanda del Nord<\/em><\/strong><\/span><\/p>\n<p><span style=\"color: #000000;\">Malgrat que l&#8217;acord de Retirada estableix que els territoris del Regne Unit no formen part de la Comunitat, el territori d&#8217;Irlanda del Nord formar\u00e0 part de la Comunitat quant als lliuraments, adquisicions intracomunit\u00e0ries i importacions de b\u00e9ns.<\/span><\/p>\n<p><span style=\"color: #000000;\"><strong><em>Reciprocitat de tracte<\/em><\/strong><\/span><\/p>\n<p><span style=\"color: #000000;\">A l&#8217;efecte de la devoluci\u00f3 de l&#8217;IVA als empresaris o professionals establerts en el territori del Regne Unit, diferent d&#8217;Irlanda del Nord, s&#8217;entendr\u00e0 que existeix la reciprocitat a qu\u00e8 es refereix l&#8217;article 119 bis.2n LIVA, sense que calgui, per conseg\u00fcent, aportar documentaci\u00f3 que ho justifiqui.<\/span><\/p>\n<p><span style=\"color: #000000;\">A m\u00e9s, a l&#8217;efecte de la devoluci\u00f3 de l&#8217;IVA als empresaris o professionals establerts en el territori d&#8217;Irlanda del Nord, s&#8217;entendr\u00e0 que existeix la reciprocitat de l&#8217;art. 119 bis.2n LIVA, pel que fa a les quotes suportades per serveis localitzats en el territori d&#8217;aplicaci\u00f3 de l&#8217;impost, sense que calgui, per conseg\u00fcent, aportar documentaci\u00f3 que el justifiqui.<\/span><\/p>\n<p><span style=\"color: #000000;\">No obstant aix\u00f2, a partir de la informaci\u00f3 subministrada per les autoritats del Regne Unit, s&#8217;han constatat les seg\u00fcents difer\u00e8ncies que en tot cas s&#8217;hauran d&#8217;observar, en compliment del citat principi de reciprocitat.<\/span><\/p>\n<p><span style=\"color: #000000;\">En el territori del Regne Unit no es procedir\u00e0 a la devoluci\u00f3 de les quotes suportades o satisfetes:<\/span><\/p>\n<ol>\n<li><span style=\"color: #000000;\">a) Per b\u00e9ns i serveis adquirits que no s&#8217;afectin l&#8217;activitat empresarial o professional.<\/span><\/li>\n<li><span style=\"color: #000000;\">b) Per b\u00e9ns i serveis que es destinin a la revenda.<\/span><\/li>\n<li><span style=\"color: #000000;\">c) Per b\u00e9ns i serveis que es refereixin a espectacles o serveis de car\u00e0cter recreatiu.<\/span><\/li>\n<li><span style=\"color: #000000;\">d) Per l&#8217;adquisici\u00f3 d&#8217;un vehicle autom\u00f2bil.<\/span><\/li>\n<li><span style=\"color: #000000;\">e) Del 50% de l&#8217;IVA suportat, pel lloguer o l&#8217;arrendament financer d&#8217;un vehicle autom\u00f2bil.<\/span><\/li>\n<\/ol>\n<p><span style=\"color: #000000;\">Per a m\u00e9s informaci\u00f3 vegeu <a style=\"color: #000000;\" href=\"https:\/\/www.agenciatributaria.es\/AEAT.internet\/ca_es\/Inicio\/La_Agencia_Tributaria\/Campanas\/BREXIT\/BREXIT.shtml\">fiscalitat del Brexit<\/a>.<\/span><\/p>\n<ol start=\"2\">\n<li><span style=\"color: #000000;\"><strong> Nota informativa sobre les declaracions duaneres a presentar en el tr\u00e0nsit entre la Uni\u00f3 Europea i el Regne Unit despr\u00e9s de l&#8217;Acord de Comer\u00e7 i Cooperaci\u00f3<\/strong><\/span><\/li>\n<\/ol>\n<p><span style=\"color: #000000;\">El 24 de desembre de 2020 la Uni\u00f3 Europea i el Regne Unit van assolir un Acord de Comer\u00e7 i Cooperaci\u00f3 sobre les condicions de la seva relaci\u00f3 a partir del 1 de gener de 2021, que recull l&#8217;exempci\u00f3 d&#8217;aranzels i quotes per a les mercaderies que compleixin les regles d&#8217;origen recollides en l&#8217;Acord.<\/span><\/p>\n<p><span style=\"color: #000000;\">Amb motiu d&#8217;aquest Acord, l&#8217;AEAT ha publicat la Nota Informativa 39\/2020, del Departament de Duanes i Impostos Especials, en la qual es recullen les instruccions per a la formalitzaci\u00f3 de les declaracions duaneres en els moviments de mercaderies entre tots dos territoris. Aquestes instruccions detallen el procediment per sol\u00b7licitar la prefer\u00e8ncia aranzel\u00e0ria en les importacions de productes procedents del Regne Unit i els codis a utilitzar per incloure les declaracions d&#8217;origen dels productes que han d&#8217;acompanyar aquestes declaracions.<\/span><\/p>\n<p><span style=\"color: #000000;\">Les instruccions d&#8217;aquesta nota informativa completen les emeses amb anterioritat en relaci\u00f3 amb els moviments de mercaderies entre la Uni\u00f3 Europea i el Regne Unit iniciats abans del 1 de gener de 2021 i finalitzats despr\u00e9s d&#8217;aquesta data (NI GA 38\/2020) i per a les mercaderies de retorn enviades al Regne Unit abans del 1 de gener de 2012 (NI 34\/2020).<\/span><\/p>\n<p><span style=\"color: #000000;\">VEGEU <a style=\"color: #000000;\" href=\"https:\/\/www.agenciatributaria.es\/static_files\/Sede\/Tema\/Aduanas\/Notas_info\/NI_2020\/NIGA39_20.pdf\">Nota informativa<\/a><\/span><\/p>\n<p><span style=\"color: #000000;\">Es poden posar en contacte amb aquest despatx professional per qualsevol dubte o aclariment que puguin tenir sobre aquest tema.<\/span><\/p>\n<hr \/>\n<p><span style=\"color: #000000;\"><strong>JDA SFAI\u00a0<\/strong><\/span><\/p>\n<p>&nbsp;<\/p>\n","protected":false},"excerpt":{"rendered":"<p>S&#8217;ha publicat la Resoluci\u00f3 del 4 de gener de 2021 de la DGT que resol l&#8217;exist\u00e8ncia de reciprocitat de tracte per a la devoluci\u00f3 de l&#8217;IVA als empresaris o professionals establerts en els territoris del Regne Unit de Gran Bretanya i Irlanda del Nord, i la Nota Informativa 39\/2020 del Departament de Duanes i Impostos<\/p>\n","protected":false},"author":50,"featured_media":18359,"comment_status":"open","ping_status":"open","sticky":false,"template":"","format":"standard","meta":{"rs_blank_template":"","rs_page_bg_color":"","slide_template_v7":"","footnotes":""},"categories":[791],"tags":[],"class_list":["post-18391","post","type-post","status-publish","format-standard","has-post-thumbnail","hentry","category-fiscal-ca"],"_links":{"self":[{"href":"https:\/\/www.jda.es\/ca\/wp-json\/wp\/v2\/posts\/18391","targetHints":{"allow":["GET"]}}],"collection":[{"href":"https:\/\/www.jda.es\/ca\/wp-json\/wp\/v2\/posts"}],"about":[{"href":"https:\/\/www.jda.es\/ca\/wp-json\/wp\/v2\/types\/post"}],"author":[{"embeddable":true,"href":"https:\/\/www.jda.es\/ca\/wp-json\/wp\/v2\/users\/50"}],"replies":[{"embeddable":true,"href":"https:\/\/www.jda.es\/ca\/wp-json\/wp\/v2\/comments?post=18391"}],"version-history":[{"count":0,"href":"https:\/\/www.jda.es\/ca\/wp-json\/wp\/v2\/posts\/18391\/revisions"}],"wp:featuredmedia":[{"embeddable":true,"href":"https:\/\/www.jda.es\/ca\/wp-json\/wp\/v2\/media\/18359"}],"wp:attachment":[{"href":"https:\/\/www.jda.es\/ca\/wp-json\/wp\/v2\/media?parent=18391"}],"wp:term":[{"taxonomy":"category","embeddable":true,"href":"https:\/\/www.jda.es\/ca\/wp-json\/wp\/v2\/categories?post=18391"},{"taxonomy":"post_tag","embeddable":true,"href":"https:\/\/www.jda.es\/ca\/wp-json\/wp\/v2\/tags?post=18391"}],"curies":[{"name":"wp","href":"https:\/\/api.w.org\/{rel}","templated":true}]}}