{"id":18215,"date":"2020-12-31T09:39:05","date_gmt":"2020-12-31T09:39:05","guid":{"rendered":"http:\/\/fwcpfcf.cluster026.hosting.ovh.net\/el-tribunal-suprem-modifica-la-seva-doctrina-en-materia-de-subcontractacio-i-rebutja-la-limitacio-temporal-dels-contractes-per-obra-o-servei-determinat\/"},"modified":"2020-12-31T10:39:40","modified_gmt":"2020-12-31T10:39:40","slug":"el-tribunal-suprem-modifica-la-seva-doctrina-en-materia-de-subcontractacio-i-rebutja-la-limitacio-temporal-dels-contractes-per-obra-o-servei-determinat","status":"publish","type":"post","link":"https:\/\/www.jda.es\/ca\/el-tribunal-suprem-modifica-la-seva-doctrina-en-materia-de-subcontractacio-i-rebutja-la-limitacio-temporal-dels-contractes-per-obra-o-servei-determinat\/","title":{"rendered":"El Tribunal Suprem modifica la seva doctrina en mat\u00e8ria de subcontractaci\u00f3 i rebutja la limitaci\u00f3 temporal dels contractes per obra o servei determinat"},"content":{"rendered":"<p><span style=\"color: #000000;\">La Sala social del Tribunal Suprem ha modificat la seva doctrina i rebutja en una sent\u00e8ncia la limitaci\u00f3 temporal dels contractes de treball en atenci\u00f3 als contractes mercantils de les empreses.\u00a0<\/span><\/p>\n<p><span style=\"color: #000000;\">L&#8217;informem que la Sala social del Tribunal Suprem tanca l&#8217;any amb un canvi de doctrina molt important, en rebutjar en una sent\u00e8ncia la limitaci\u00f3 temporal dels contractes de treball en atenci\u00f3 als contractes mercantils de les empreses.<\/span><\/p>\n<p><span style=\"color: #000000;\">La sent\u00e8ncia sobre contractes pot canviar les relacions laborals en impedir vincular el contracte d&#8217;un treballador d&#8217;una subcontracta amb la durada d&#8217;un projecte concret d&#8217;aquesta empresa. El contingut de la sent\u00e8ncia no es coneix per\u00f2 de la nota de premsa publicada pel Poder Judicial es despr\u00e8n la prohibici\u00f3 de la limitaci\u00f3 temporal dels contractes de treball en atenci\u00f3 als contractes mercantils de les empreses.<\/span><\/p>\n<p><span style=\"color: #000000;\">Des de finals dels anys 90, la jurisprud\u00e8ncia havia estat admetent que el contracte per obra o servei determinat pugui ajustar la seva durada a la de la contracta. \u00c9s a dir, el Suprem admetia que el contracte d&#8217;un treballador de l&#8217;empresa de serveis no fos indefinit, perqu\u00e8 tampoc ho era l&#8217;acord entre l&#8217;empresa principal i la subcontracta. D&#8217;aquesta forma es vinculaven els contractes laborals al contracte mercantil entre les dues empreses.<\/span><\/p>\n<p><span style=\"color: #000000;\"><em>Pensem per exemple en una empresa de serveis Call Center que aconsegueix un contracte d&#8217;un any per portar la l\u00ednia d&#8217;atenci\u00f3 telef\u00f2nica d&#8217;una companyia d&#8217;assegurances. Fins a aquest moment, el Suprem admetia que als treballadors de la subcontracta no se&#8217;ls ofer\u00eds un contracte indefinit, sin\u00f3 un de temporal per obra o servei, perqu\u00e8 el seu \u00fas depenia del fet que al cap d&#8217;un any es renov\u00e9s el contracte entre l&#8217;asseguradora i l&#8217;empresa de serveis.<\/em><\/span><\/p>\n<p><span style=\"color: #000000;\"><strong>Aplicaci\u00f3 en subcontractes<\/strong><\/span><\/p>\n<p><span style=\"color: #000000;\">En la nova sent\u00e8ncia, el Tribunal Suprem considera que en el cas de les subcontractes, no s&#8217;estan utilitzant correctament els contractes temporals que permet l&#8217;Estatut dels Treballadors. Existeix una incorrecta &#8220;automatitzaci\u00f3 de la contractaci\u00f3 temporal&#8221; que no t\u00e9 res a veure amb el car\u00e0cter excepcional que han de tenir els contractes per obra i servei.<\/span><\/p>\n<p><span style=\"color: #000000;\">La Sala assenyala que els qui ofereixen serveis a tercers desenvolupen la seva activitat essencial a trav\u00e9s de la contractaci\u00f3 amb aquests i, per tant, resulta il\u00b7l\u00f2gic sostenir que el gruix d&#8217;aquella activitat t\u00e9 el car\u00e0cter excepcional al qual el contracte per obra o servei ha d&#8217;atendre. La sent\u00e8ncia declara que resulta dif\u00edcil continuar mantenint que l&#8217;empresa pugui donar suport a l&#8217;ess\u00e8ncia de la seva activitat en una plantilla subjecta al r\u00e8gim d&#8217;indeterminaci\u00f3 de les relacions laborals.<\/span><\/p>\n<p><span style=\"color: #000000;\">\u00c9s a dir, tradu\u00eft, les empreses ja no podran contractar els seus empleats durant el temps limitat que duri la contracta, que en molts casos \u00e9s permanent -hi ha treballadors que porten m\u00e9s de 10 i 15 anys prestant els seus serveis amb contractes concatenats- perqu\u00e8 es renova en cada per\u00edode, i obliga les empreses a recon\u00e8ixer-los com a indefinits.<\/span><\/p>\n<p><span style=\"color: #000000;\">La sent\u00e8ncia afegeix que l&#8217;automatitzaci\u00f3 d&#8217;aquesta contractaci\u00f3 temporal, pel mer mecanisme de la mena d&#8217;activitat, pot portar a situacions de posada en perill de les garanties buscades pel Dret de la Uni\u00f3 Europea.<\/span><\/p>\n<p><span style=\"color: #000000;\">Finalment, recorda que el legislador ha dissenyat altres instruments per atendre la variabilitat de les necessitats de l&#8217;empresa i adoptar decisions sobre la dimensi\u00f3 de la plantilla.<\/span><\/p>\n<p><span style=\"color: #000000;\">La conseq\u00fc\u00e8ncia de tot aix\u00f2 \u00e9s que milers de treballadors que actualment treballen en empreses de serveis que actuen com subcontractes,\u00a0<strong>hauran de tenir un contracte indefinit<\/strong>.<\/span><\/p>\n<p><span style=\"font-size: 14pt; color: #000000;\">Es poden posar en contacte amb aquest despatx professional per qualsevol dubte o aclariment que puguin tenir sobre aquest tema.<\/span><\/p>\n<p><span style=\"font-size: 14pt; color: #000000;\">Compti amb la professionalitat i experi\u00e8ncia del nostre equip d\u00b4<span style=\"text-decoration: underline;\"><strong>assessors laborals.<\/strong><\/span><\/span><\/p>\n<hr \/>\n<p><span style=\"color: #000000;\"><strong>JDA SFAI\u00a0<\/strong><\/span><\/p>\n","protected":false},"excerpt":{"rendered":"<p>La Sala social del Tribunal Suprem ha modificat la seva doctrina i rebutja en una sent\u00e8ncia la limitaci\u00f3 temporal dels contractes de treball en atenci\u00f3 als contractes mercantils de les empreses.\u00a0 L&#8217;informem que la Sala social del Tribunal Suprem tanca l&#8217;any amb un canvi de doctrina molt important, en rebutjar en una sent\u00e8ncia la limitaci\u00f3<\/p>\n","protected":false},"author":50,"featured_media":18211,"comment_status":"open","ping_status":"open","sticky":false,"template":"","format":"standard","meta":{"rs_blank_template":"","rs_page_bg_color":"","slide_template_v7":"","footnotes":""},"categories":[825],"tags":[],"class_list":["post-18215","post","type-post","status-publish","format-standard","has-post-thumbnail","hentry","category-actualitat-laboral"],"_links":{"self":[{"href":"https:\/\/www.jda.es\/ca\/wp-json\/wp\/v2\/posts\/18215","targetHints":{"allow":["GET"]}}],"collection":[{"href":"https:\/\/www.jda.es\/ca\/wp-json\/wp\/v2\/posts"}],"about":[{"href":"https:\/\/www.jda.es\/ca\/wp-json\/wp\/v2\/types\/post"}],"author":[{"embeddable":true,"href":"https:\/\/www.jda.es\/ca\/wp-json\/wp\/v2\/users\/50"}],"replies":[{"embeddable":true,"href":"https:\/\/www.jda.es\/ca\/wp-json\/wp\/v2\/comments?post=18215"}],"version-history":[{"count":0,"href":"https:\/\/www.jda.es\/ca\/wp-json\/wp\/v2\/posts\/18215\/revisions"}],"wp:featuredmedia":[{"embeddable":true,"href":"https:\/\/www.jda.es\/ca\/wp-json\/wp\/v2\/media\/18211"}],"wp:attachment":[{"href":"https:\/\/www.jda.es\/ca\/wp-json\/wp\/v2\/media?parent=18215"}],"wp:term":[{"taxonomy":"category","embeddable":true,"href":"https:\/\/www.jda.es\/ca\/wp-json\/wp\/v2\/categories?post=18215"},{"taxonomy":"post_tag","embeddable":true,"href":"https:\/\/www.jda.es\/ca\/wp-json\/wp\/v2\/tags?post=18215"}],"curies":[{"name":"wp","href":"https:\/\/api.w.org\/{rel}","templated":true}]}}