{"id":18147,"date":"2020-12-23T15:57:35","date_gmt":"2020-12-23T15:57:35","guid":{"rendered":"http:\/\/fwcpfcf.cluster026.hosting.ovh.net\/el-tribunal-suprem-declara-nul%c2%b7la-la-liquidacio-de-limpost-municipal-de-plusvalua-quan-la-quota-coincideixi-amb-lincrement-de-valor-dels-terrenys\/"},"modified":"2020-12-23T15:59:35","modified_gmt":"2020-12-23T15:59:35","slug":"el-tribunal-suprem-declara-nul%c2%b7la-la-liquidacio-de-limpost-municipal-de-plusvalua-quan-la-quota-coincideixi-amb-lincrement-de-valor-dels-terrenys","status":"publish","type":"post","link":"https:\/\/www.jda.es\/ca\/el-tribunal-suprem-declara-nul%c2%b7la-la-liquidacio-de-limpost-municipal-de-plusvalua-quan-la-quota-coincideixi-amb-lincrement-de-valor-dels-terrenys\/","title":{"rendered":"El Tribunal Suprem declara nul\u00b7la la liquidaci\u00f3 de l&#8217;impost municipal de plusv\u00e0lua quan la quota coincideixi amb l&#8217;increment de valor dels terrenys"},"content":{"rendered":"<p><span style=\"color: #000000;\">En una sent\u00e8ncia del 9 de desembre de 2020, el Tribunal Suprem ha anul\u00b7lat una liquidaci\u00f3 de l&#8217;impost sobre l&#8217;increment del valor dels terrenys de naturalesa urbana (IIVTNU) \u2014conegut com a plusv\u00e0lua municipal\u2014 en entendre com a confiscat\u00f2ria una quota del tribut que absorbeix completament la riquesa gravable, aix\u00f2 \u00e9s, que coincideix en la seva integritat amb la plusv\u00e0lua posada de manifest en ocasi\u00f3 de la transmissi\u00f3 del b\u00e9 immoble urb\u00e0. Aquesta sent\u00e8ncia se suma a la del Tribunal Constitucional, que rebutjava que es cobr\u00e9s m\u00e9s del realment guanyat pel contribuent.<\/span><\/p>\n<p><span style=\"color: #000000;\">L&#8217;informem que una important sent\u00e8ncia del Tribunal Suprem (TS) ha declarat nul\u00b7la la liquidaci\u00f3 de l&#8217;impost sobre l&#8217;increment de valor dels terrenys de naturalesa urbana (IIVTNU), conegut com a plusv\u00e0lua municipal, quan la quota a pagar pel contribuent coincideix amb la riquesa gravable per considerar-ho confiscatori. Es tracta d&#8217;una nova sent\u00e8ncia del Tribunal Suprem respecte al pol\u00e8mic impost. Fins ara, les sent\u00e8ncies entorn d&#8217;aquest impost el declaraven nul quan la venda de l&#8217;immoble genera p\u00e8rdues al contribuent o quan l&#8217;import a pagar pel contribuent era m\u00e9s elevat que el guany real obtingut. No obstant aix\u00f2, sempre que l&#8217;impost fos inferior al benefici -encara que nom\u00e9s fos per un euro-, el contribuent estava obligat a pagar.<\/span><\/p>\n<p><span style=\"color: #000000;\">Doncs b\u00e9, en aquesta sent\u00e8ncia del 9 de desembre de 2020, el TS considera confiscat\u00f2ria una quota de l&#8217;IIVTNU que absorbeix la riquesa gravable en coincidir completament amb la plusv\u00e0lua posada de manifest en ocasi\u00f3 de la transmissi\u00f3 del b\u00e9 immoble urb\u00e0.<\/span><\/p>\n<p><strong><span style=\"color: #000000;\">El cas<\/span><\/strong><\/p>\n<p><span style=\"color: #000000;\">El tipus de gravamen de l&#8217;IIVTNU \u00e9s fixat per cada ajuntament, sense que pugui excedir del 30% (art. 108 Llei d&#8217;hisendes locals). Dins del l\u00edmit del 30%, els ajuntaments podran fixar un sol tipus de gravamen o un per a cadascun dels per\u00edodes de generaci\u00f3 de l&#8217;increment de valor indicats en l&#8217;art. 107.4 de la Llei d&#8217;hisendes locals.<\/span><\/p>\n<p><span style=\"color: #000000;\">En el cas analitzat, en un increment de valor provat de 17.473,71 euros (difer\u00e8ncia entre el preu d&#8217;adquisici\u00f3 i el d&#8217;alienaci\u00f3), l&#8217;Ajuntament va girar al contribuent una plusv\u00e0lua de 76.847,76 euros (resultat d&#8217;aplicar estrictament el precepte previst en la Llei d&#8217;hisendes locals que at\u00e9n el valor cadastral en el moment de la transmissi\u00f3 i a certs coeficients en atenci\u00f3 al per\u00edode de temps en el qual l&#8217;immoble va estar en poder del transmitent).<\/span><\/p>\n<p><span style=\"color: #000000;\"><strong>Sent\u00e8ncia del Tribunal Constitucional de 31 d&#8217;octubre de 2019<\/strong><\/span><\/p>\n<p><span style=\"color: #000000;\">La resoluci\u00f3 del TS aplica la sent\u00e8ncia del Tribunal Constitucional de 31 d&#8217;octubre de 2019 que havia assenyalat que el precepte corresponent de la Llei d&#8217;hisendes locals era inconstitucional (per vulnerar el principi de capacitat econ\u00f2mica i la prohibici\u00f3 de confiscatorietat, tots dos\u00a0 consagrats en l&#8217;art. 31.1 de la Constituci\u00f3), en aquells sup\u00f2sits en els quals la quota a pagar per l&#8217;impost \u00e9s superior a l&#8217;increment patrimonial obtingut pel contribuent.<\/span><\/p>\n<p><span style=\"color: #000000;\">I encara que una aplicaci\u00f3 literal de la sent\u00e8ncia del Tribunal Constitucional hagu\u00e9s portat a ajustar la quota a l&#8217;increment real (i reduir-la a la suma de 17.473,71, coincident amb la quantitat de l&#8217;increment) el Tribunal Suprem assenyala que &#8220;una situaci\u00f3 com la descrita resulta contr\u00e0ria tamb\u00e9 als principis de capacitat econ\u00f2mica i a la prohibici\u00f3 de confiscatorietat que preveu l&#8217;article 31.1 de la Constituci\u00f3&#8221;, de manera que &#8220;un resultat d&#8217;aquesta naturalesa cal reputar-lo, aix\u00ed mateix, escassament respectu\u00f3s amb les exig\u00e8ncies de la just\u00edcia tribut\u00e0ria a la qual es refereix el precepte constitucional&#8221;.<\/span><\/p>\n<p><span style=\"color: #000000;\"><strong>Quota confiscat\u00f2ria en absorbir la totalitat de la riquesa gravable<\/strong><\/span><\/p>\n<p><span style=\"color: #000000;\">El TS aborda les possibles conseq\u00fc\u00e8ncies d&#8217;una liquidaci\u00f3 tribut\u00e0ria que obliga el contribuent a destinar al pagament del tribut tota la plusv\u00e0lua posada de manifest en la transmissi\u00f3 de la finca quan aquesta plusv\u00e0lua \u00e9s l'(\u00fanic) indicador de capacitat econ\u00f2mica previst pel legislador per configurar l&#8217;impost. \u00c9s a dir, malgrat gravar un increment de valor constatat, estableix una quota confiscat\u00f2ria absorbint la totalitat de la riquesa gravable.<\/span><\/p>\n<p><span style=\"color: #000000;\">I, com que el Tribunal Suprem no \u00e9s l&#8217;\u00f2rgan cridat a determinar, i molt menys a fixar de manera general, quin percentatge d&#8217;increment de valor podria coincidir amb la quota tribut\u00e0ria perqu\u00e8 no exist\u00eds l&#8217;exageraci\u00f3, l&#8217;exc\u00e9s o la desproporci\u00f3 que aqu\u00ed concorre, i en constatar-se que el legislador fa m\u00e9s de dos anys que no acomoda l&#8217;impost a les exig\u00e8ncies constitucionals, la sent\u00e8ncia declara la nul\u00b7litat -per confiscat\u00f2ria- d&#8217;una liquidaci\u00f3 tribut\u00e0ria que estableix una quota impositiva que coincideix amb l&#8217;increment de valor posat de manifest com a conseq\u00fc\u00e8ncia de la transmissi\u00f3 del terreny, aix\u00f2 \u00e9s, que absorbeix la totalitat de la riquesa gravable.<\/span><\/p>\n<p><span style=\"color: #000000;\">Es poden posar en contacte amb aquest despatx professional per qualsevol dubte o aclariment que puguin tenir sobre aquest tema.<\/span><\/p>\n<hr \/>\n<p><span style=\"color: #000000;\"><strong>JDA SFAI<\/strong><\/span><\/p>\n","protected":false},"excerpt":{"rendered":"<p>En una sent\u00e8ncia del 9 de desembre de 2020, el Tribunal Suprem ha anul\u00b7lat una liquidaci\u00f3 de l&#8217;impost sobre l&#8217;increment del valor dels terrenys de naturalesa urbana (IIVTNU) \u2014conegut com a plusv\u00e0lua municipal\u2014 en entendre com a confiscat\u00f2ria una quota del tribut que absorbeix completament la riquesa gravable, aix\u00f2 \u00e9s, que coincideix en la seva<\/p>\n","protected":false},"author":50,"featured_media":18145,"comment_status":"open","ping_status":"open","sticky":false,"template":"","format":"standard","meta":{"rs_blank_template":"","rs_page_bg_color":"","slide_template_v7":"","footnotes":""},"categories":[826,766],"tags":[],"class_list":["post-18147","post","type-post","status-publish","format-standard","has-post-thumbnail","hentry","category-fiscal-ca-2","category-legal-ca"],"_links":{"self":[{"href":"https:\/\/www.jda.es\/ca\/wp-json\/wp\/v2\/posts\/18147","targetHints":{"allow":["GET"]}}],"collection":[{"href":"https:\/\/www.jda.es\/ca\/wp-json\/wp\/v2\/posts"}],"about":[{"href":"https:\/\/www.jda.es\/ca\/wp-json\/wp\/v2\/types\/post"}],"author":[{"embeddable":true,"href":"https:\/\/www.jda.es\/ca\/wp-json\/wp\/v2\/users\/50"}],"replies":[{"embeddable":true,"href":"https:\/\/www.jda.es\/ca\/wp-json\/wp\/v2\/comments?post=18147"}],"version-history":[{"count":0,"href":"https:\/\/www.jda.es\/ca\/wp-json\/wp\/v2\/posts\/18147\/revisions"}],"wp:featuredmedia":[{"embeddable":true,"href":"https:\/\/www.jda.es\/ca\/wp-json\/wp\/v2\/media\/18145"}],"wp:attachment":[{"href":"https:\/\/www.jda.es\/ca\/wp-json\/wp\/v2\/media?parent=18147"}],"wp:term":[{"taxonomy":"category","embeddable":true,"href":"https:\/\/www.jda.es\/ca\/wp-json\/wp\/v2\/categories?post=18147"},{"taxonomy":"post_tag","embeddable":true,"href":"https:\/\/www.jda.es\/ca\/wp-json\/wp\/v2\/tags?post=18147"}],"curies":[{"name":"wp","href":"https:\/\/api.w.org\/{rel}","templated":true}]}}