{"id":17778,"date":"2020-11-05T16:37:44","date_gmt":"2020-11-05T16:37:44","guid":{"rendered":"http:\/\/fwcpfcf.cluster026.hosting.ovh.net\/publicat-el-calendari-de-festes-laborals-per-a-lany-2021\/"},"modified":"2020-11-05T16:40:32","modified_gmt":"2020-11-05T16:40:32","slug":"publicat-el-calendari-de-festes-laborals-per-a-lany-2021","status":"publish","type":"post","link":"https:\/\/www.jda.es\/ca\/publicat-el-calendari-de-festes-laborals-per-a-lany-2021\/","title":{"rendered":"Publicat el calendari de festes laborals per a l&#8217;any 2021"},"content":{"rendered":"<p><span style=\"color: #000000;\">Al BOE del 2 de novembre s&#8217;ha publicat la Resoluci\u00f3 de 28 d&#8217;octubre de 2020, de la Direcci\u00f3 General de Treball, per la qual es publica la relaci\u00f3 de festes laborals per a l&#8217;any 2021 d&#8217;\u00e0mbit nacional, de comunitat aut\u00f2noma i de les ciutats de Ceuta i Melilla. Com cada any hi haur\u00e0 vuit dies festius, retribu\u00efts i no substitu\u00efbles, d&#8217;\u00e0mbit estatal, quatre d&#8217;\u00e0mbit auton\u00f2mic i dos, de car\u00e0cter local, que fixaran els respectius ajuntaments, que sumaran un total de 14 festius anuals.<\/span><\/p>\n<p><span style=\"color: #000000;\">Al BOE del 2 de novembre s&#8217;ha publicat la Resoluci\u00f3 de 28 d&#8217;octubre de 2020, de la Direcci\u00f3 General de Treball, per la qual es publica la relaci\u00f3 de festes laborals per a l&#8217;any 2021 d&#8217;\u00e0mbit nacional, de comunitat aut\u00f2noma i de les ciutats de Ceuta i Melilla. Amb aix\u00f2, es facilita el coneixement en tot el territori nacional del conjunt de les festes laborals.<\/span><\/p>\n<p><span style=\"color: #000000;\">Es publiquen tant:<\/span><\/p>\n<ul>\n<li><span style=\"color: #000000;\">Les festes d&#8217;\u00e0mbit nacional, retribu\u00efdes i no recuperables no substitu\u00efbles per les comunitats aut\u00f2nomes (CCAA)<\/span><\/li>\n<li><span style=\"color: #000000;\">Les festes que les comunitats aut\u00f2nomes poden triar entre celebrar en el seu territori o substituir-les per d&#8217;altres (que per tradici\u00f3 els siguin pr\u00f2pies).<\/span><\/li>\n<\/ul>\n<p><span style=\"color: #000000;\"><strong>Atenci\u00f3!<\/strong>\u00a0A difer\u00e8ncia d&#8217;enguany, en qu\u00e8 diversos festius han caigut en diumenge i s&#8217;han traslladat al dilluns, en el 2021 nom\u00e9s s&#8217;ha fet amb l&#8217;Assumpci\u00f3, el 15 d&#8217;agost, a Andalusia, Arag\u00f3, Ast\u00faries, Can\u00e0ries i Castella i Lle\u00f3. La resta de comunitats aut\u00f2nomes han optat per recol\u00b7locar-lo un altre mes en lloc de traslladar la festa l&#8217;endem\u00e0. Hi haur\u00e0 dos ponts importants: el del 12 d&#8217;octubre, amb quatre dies i el del 6 i 8 de desembre, amb cinc.<\/span><\/p>\n<p><span style=\"color: #000000;\">El calendari laboral de 2021 recull 8 dies que seran festius retribu\u00efts i no recuperables a tot Espanya i altres 4 que variaran en funci\u00f3 de la comunitat aut\u00f2noma. A aix\u00f2 se sumen dues jornades festives m\u00e9s de car\u00e0cter local, que seran fixades pels ajuntaments. En total, els treballadors disposaran de 14 dies festius en el 2021.<\/span><\/p>\n<p><span style=\"color: #000000;\">En concret, seran festius comuns a tot Espanya els seg\u00fcents 8 dies festius retribu\u00efts i no recuperables:<\/span><\/p>\n<ul>\n<li><span style=\"color: #000000;\"><strong>Divendres 1 de gener (Cap d&#8217;any)<\/strong><\/span><\/li>\n<li><span style=\"color: #000000;\"><strong>Divendres 2 d&#8217;abril (Divendres Sant)<\/strong><\/span><\/li>\n<li><span style=\"color: #000000;\"><strong>Dissabte 1 de maig (Festa del Treball)<\/strong><\/span><\/li>\n<li><span style=\"color: #000000;\"><strong>Dimarts 12 d&#8217;octubre (Festa Nacional d&#8217;Espanya)<\/strong><\/span><\/li>\n<li><span style=\"color: #000000;\"><strong>Dilluns 1 de novembre (Tots Sants)<\/strong><\/span><\/li>\n<li><span style=\"color: #000000;\"><strong>Dilluns 6 de desembre (Dia de la Constituci\u00f3)<\/strong><\/span><\/li>\n<li><span style=\"color: #000000;\"><strong>Dimecres 8 de desembre (La Immaculada Concepci\u00f3)<\/strong><\/span><\/li>\n<li><span style=\"color: #000000;\"><strong>Dissabte 25 de desembre (La Nativitat del Senyor)<\/strong><\/span><\/li>\n<\/ul>\n<p><span style=\"color: #000000;\">A aquests vuit dies festius de car\u00e0cter nacional, se sumen els quatre dies que es fixen per les comunitats aut\u00f2nomes, que figuren en el calendari annex a la resoluci\u00f3 -entre ells, el 6 de gener que ha estat establert per totes les comunitats aut\u00f2nomes-, als quals s&#8217;afegiran els dos dies de car\u00e0cter local que seran fixats pels ajuntaments.\u00a0<\/span><\/p>\n<p><span style=\"color: #000000;\">A continuaci\u00f3 pot consultar el quadre general de festes laborals 2021:\u00a0<\/span><\/p>\n<p><span style=\"color: #000000;\">Descarregui l&#8217;arxiu relacionat:<\/span><\/p>\n<p><span style=\"color: #000000;\"><strong><a style=\"color: #000000;\" href=\"https:\/\/www.boe.es\/boe\/dias\/2020\/11\/02\/pdfs\/BOE-A-2020-13343.pdf\">https:\/\/www.boe.es\/boe\/dias\/2020\/11\/02\/pdfs\/BOE-A-2020-13343.pdf<\/a><\/strong><\/span><\/p>\n<p><span style=\"color: #000000;\">Es poden posar en contacte amb aquest despatx professional per qualsevol dubte o aclariment que puguin tenir sobre aquest tema.<\/span><\/p>\n<hr \/>\n<p><span style=\"color: #000000;\"><strong>JDA SFAI\u00a0<\/strong><\/span><\/p>\n","protected":false},"excerpt":{"rendered":"<p>Al BOE del 2 de novembre s&#8217;ha publicat la Resoluci\u00f3 de 28 d&#8217;octubre de 2020, de la Direcci\u00f3 General de Treball, per la qual es publica la relaci\u00f3 de festes laborals per a l&#8217;any 2021 d&#8217;\u00e0mbit nacional, de comunitat aut\u00f2noma i de les ciutats de Ceuta i Melilla. Com cada any hi haur\u00e0 vuit dies<\/p>\n","protected":false},"author":50,"featured_media":17776,"comment_status":"open","ping_status":"open","sticky":false,"template":"","format":"standard","meta":{"rs_blank_template":"","rs_page_bg_color":"","slide_template_v7":"","footnotes":""},"categories":[773],"tags":[],"class_list":["post-17778","post","type-post","status-publish","format-standard","has-post-thumbnail","hentry","category-laboral-ca"],"_links":{"self":[{"href":"https:\/\/www.jda.es\/ca\/wp-json\/wp\/v2\/posts\/17778","targetHints":{"allow":["GET"]}}],"collection":[{"href":"https:\/\/www.jda.es\/ca\/wp-json\/wp\/v2\/posts"}],"about":[{"href":"https:\/\/www.jda.es\/ca\/wp-json\/wp\/v2\/types\/post"}],"author":[{"embeddable":true,"href":"https:\/\/www.jda.es\/ca\/wp-json\/wp\/v2\/users\/50"}],"replies":[{"embeddable":true,"href":"https:\/\/www.jda.es\/ca\/wp-json\/wp\/v2\/comments?post=17778"}],"version-history":[{"count":0,"href":"https:\/\/www.jda.es\/ca\/wp-json\/wp\/v2\/posts\/17778\/revisions"}],"wp:featuredmedia":[{"embeddable":true,"href":"https:\/\/www.jda.es\/ca\/wp-json\/wp\/v2\/media\/17776"}],"wp:attachment":[{"href":"https:\/\/www.jda.es\/ca\/wp-json\/wp\/v2\/media?parent=17778"}],"wp:term":[{"taxonomy":"category","embeddable":true,"href":"https:\/\/www.jda.es\/ca\/wp-json\/wp\/v2\/categories?post=17778"},{"taxonomy":"post_tag","embeddable":true,"href":"https:\/\/www.jda.es\/ca\/wp-json\/wp\/v2\/tags?post=17778"}],"curies":[{"name":"wp","href":"https:\/\/api.w.org\/{rel}","templated":true}]}}