{"id":17665,"date":"2020-10-30T08:43:20","date_gmt":"2020-10-30T08:43:20","guid":{"rendered":"http:\/\/fwcpfcf.cluster026.hosting.ovh.net\/?p=17665"},"modified":"2020-10-30T08:43:32","modified_gmt":"2020-10-30T08:43:32","slug":"el-govern-acorda-el-tancament-perimetral-de-catalunya-durant-15-dies-i-un-confinament-municipal-els-caps-de-setmana","status":"publish","type":"post","link":"https:\/\/www.jda.es\/ca\/el-govern-acorda-el-tancament-perimetral-de-catalunya-durant-15-dies-i-un-confinament-municipal-els-caps-de-setmana\/","title":{"rendered":"El Govern acorda el tancament perimetral de Catalunya durant 15 dies i un confinament municipal els caps de setmana"},"content":{"rendered":"<p><span style=\"color: #000000;\">El Govern de la Generalitat ha aprovat noves mesures per fer front a l&#8217;avan\u00e7 de la pand\u00e8mia de la COVID-19 a Catalunya, entre les quals s&#8217;inclou el tancament perimetral de Catalunya durant 15 dies i un confinament municipal els caps de setmana, des de les 6 hores del mat\u00ed del divendres fins a la mateixa hora del dilluns. Entre les restriccions que ha aprovat el Govern, s&#8217;inclou el tancament de centres comercials, excepte per als establiments d&#8217;alimentaci\u00f3, productes essencials i de primera necessitat, els comer\u00e7os de m\u00e9s de 800 metres quadrats hauran de limitar la superf\u00edcie a aquesta dimensi\u00f3 i reduir l&#8217;aforament al 30%, i els comer\u00e7os que no arribin a aquesta superf\u00edcie podran obrir al 30% de l&#8217;aforament. Les mesures duraran 15 dies<\/span><\/p>\n<p><span style=\"color: #000000;\">L&#8217;informem que el Govern de la Generalitat ha aprovat noves mesures per fer front a l&#8217;avan\u00e7 de la pand\u00e8mia de la COVID-19 a Catalunya, entre les quals s&#8217;inclou el tancament perimetral de Catalunya durant 15 dies i un confinament municipal els caps de setmana, des de les 6 hores del mat\u00ed del divendres fins a la mateixa hora del dilluns.<\/span><\/p>\n<p><span style=\"color: #000000;\">\u00c9s a dir, durant les dues pr\u00f2ximes setmanes els ciutadans no poden travessar la frontera invisible que separa Catalunya d&#8217;Arag\u00f3, Val\u00e8ncia o Fran\u00e7a i, durant els caps de setmana, no poden sortir del seu poble o ciutat.<\/span><\/p>\n<p><span style=\"color: #000000;\"><strong>Excepcions:<\/strong>\u00a0dins de les comarques es permetr\u00e0 la mobilitat per anar a cementiris el 31 d&#8217;octubre i l&#8217;1 de novembre. I en municipis lim\u00edtrofs es permetr\u00e0 la mobilitat en casos de pr\u00e0ctica esportiva individual a l&#8217;aire lliure, competicions esportives autoritzades o despla\u00e7aments de persones amb perm\u00eds penitenciari.<\/span><\/p>\n<p><span style=\"color: #000000;\">En els dos casos es mantenen les excepcions, motivades per aquells despla\u00e7aments que estiguin justificats, com a assist\u00e8ncia a centres sanitaris, raons de tipus laboral, per acudir a centres educatius o cuidar persones dependents.<\/span><\/p>\n<p><span style=\"color: #000000;\"><strong>Activitats culturals<\/strong><\/span><\/p>\n<p><span style=\"color: #000000;\">Teatres, cinemes i sales de concerts hauran de tancar durant almenys 15 dies. Els museus podran obrir al 33% del seu aforament i les biblioteques, per dur a terme el seu servei de pr\u00e9stec.<\/span><\/p>\n<p><span style=\"color: #000000;\"><strong>Activitats esportives i gimnasos<\/strong><\/span><\/p>\n<p><span style=\"color: #000000;\">Es tanquen els gimnasos i els centres esportius.<\/span><\/p>\n<p><span style=\"color: #000000;\"><strong>Centres i locals comercials<\/strong><\/span><\/p>\n<p><span style=\"color: #000000;\">El Govern ha decretat tamb\u00e9 el tancament dels centres comercials (nom\u00e9s poden obrir els que serveixin productes de primera necessitat) i la resta de locals comercials de menys de 800 metres quadrats hauran de reduir l&#8217;aforament al 30%. Els locals de m\u00e9s de 800 metres quadrats, han de delimitar el seu espai d&#8217;obertura a aquesta mesura i mantenir l&#8217;ocupaci\u00f3 m\u00e0xima del 30%.<\/span><\/p>\n<p><span style=\"color: #000000;\">No hi ha l\u00edmit de superf\u00edcie per als establiments d&#8217;alimentaci\u00f3, begudes, productes higi\u00e8nics i primera necessitat, farm\u00e0cies, ortop\u00e8dies, \u00f2ptiques, concessionaris, jardineria i perruqueries.<\/span><\/p>\n<p><span style=\"color: #000000;\"><strong>Bars i restaurants<\/strong><\/span><\/p>\n<p><span style=\"color: #000000;\">Se&#8217;n prorroga el tancament. El servei de lliurament de menjar a domicili es permetr\u00e0 fins a les 23.00 hores.<\/span><\/p>\n<p><span style=\"color: #000000;\"><strong>Ensenyament educatiu<\/strong><\/span><\/p>\n<p><span style=\"color: #000000;\">Se suspenen tamb\u00e9 totes les activitats extraescolars, a excepci\u00f3 d&#8217;aquelles que es realitzen en grups bombolla dins de les escoles. Continuen les classes presencials en educaci\u00f3 prim\u00e0ria, encara que a partir de 3r de l&#8217;ESO es podria optar per un model h\u00edbrid.<\/span><\/p>\n<p><span style=\"color: #000000;\">S&#8217;insta els centres educatius a impulsar per les classes virtuals en els nivells de batxillerat i formaci\u00f3 professional. Les universitats continuaran fent l&#8217;activitat a dist\u00e0ncia.<\/span><\/p>\n<p><span style=\"color: #000000;\"><strong>Teletreball<\/strong><\/span><\/p>\n<p><span style=\"color: #000000;\">Es recomana a les empreses facilitar el teletreball, per limitar al m\u00e0xim la mobilitat, adaptant fins i tot els horaris d&#8217;entrada i sortida, excepte quan \u00e9s impossible o quan no es tenen els mitjans per fer teletreball.<\/span><\/p>\n<p><span style=\"color: #000000;\"><strong>Actes religiosos i cerim\u00f2nies\u00a0<\/strong><\/span><\/p>\n<p><span style=\"color: #000000;\">Els actes religiosos i cerim\u00f2nies civils, incloses noces i cerim\u00f2nies f\u00fanebres, hauran de limitar l&#8217;assist\u00e8ncia al 30% de l&#8217;aforament.<\/span><\/p>\n<p><span style=\"color: #000000;\"><img loading=\"lazy\" decoding=\"async\" class=\"alignnone wp-image-17666\" src=\"https:\/\/www.jda.es\/wp-content\/uploads\/2020\/10\/imagen-confinament.jpg\" alt=\"El Govern acorda el tancament perimetral de Catalunya durant 15 dies i un confinament municipal els caps de setmana 0\" width=\"1004\" height=\"1420\" srcset=\"https:\/\/www.jda.es\/wp-content\/uploads\/2020\/10\/imagen-confinament.jpg 1414w, https:\/\/www.jda.es\/wp-content\/uploads\/2020\/10\/imagen-confinament-212x300.jpg 212w, https:\/\/www.jda.es\/wp-content\/uploads\/2020\/10\/imagen-confinament-768x1086.jpg 768w, https:\/\/www.jda.es\/wp-content\/uploads\/2020\/10\/imagen-confinament-724x1024.jpg 724w\" sizes=\"auto, (max-width: 1004px) 100vw, 1004px\" \/><\/span><\/p>\n<p><span style=\"color: #000000;\">Es poden posar en contacte amb aquest despatx professional per qualsevol dubte o aclariment que puguin tenir sobre aquest tema.<\/span><\/p>\n<hr \/>\n<p><strong>JDA SFAI\u00a0<\/strong><\/p>\n","protected":false},"excerpt":{"rendered":"<p>El Govern de la Generalitat ha aprovat noves mesures per fer front a l&#8217;avan\u00e7 de la pand\u00e8mia de la COVID-19 a Catalunya, entre les quals s&#8217;inclou el tancament perimetral de Catalunya durant 15 dies i un confinament municipal els caps de setmana, des de les 6 hores del mat\u00ed del divendres fins a la mateixa<\/p>\n","protected":false},"author":50,"featured_media":17667,"comment_status":"open","ping_status":"open","sticky":false,"template":"","format":"standard","meta":{"rs_blank_template":"","rs_page_bg_color":"","slide_template_v7":"","footnotes":""},"categories":[766],"tags":[],"class_list":["post-17665","post","type-post","status-publish","format-standard","has-post-thumbnail","hentry","category-legal-ca"],"_links":{"self":[{"href":"https:\/\/www.jda.es\/ca\/wp-json\/wp\/v2\/posts\/17665","targetHints":{"allow":["GET"]}}],"collection":[{"href":"https:\/\/www.jda.es\/ca\/wp-json\/wp\/v2\/posts"}],"about":[{"href":"https:\/\/www.jda.es\/ca\/wp-json\/wp\/v2\/types\/post"}],"author":[{"embeddable":true,"href":"https:\/\/www.jda.es\/ca\/wp-json\/wp\/v2\/users\/50"}],"replies":[{"embeddable":true,"href":"https:\/\/www.jda.es\/ca\/wp-json\/wp\/v2\/comments?post=17665"}],"version-history":[{"count":0,"href":"https:\/\/www.jda.es\/ca\/wp-json\/wp\/v2\/posts\/17665\/revisions"}],"wp:featuredmedia":[{"embeddable":true,"href":"https:\/\/www.jda.es\/ca\/wp-json\/wp\/v2\/media\/17667"}],"wp:attachment":[{"href":"https:\/\/www.jda.es\/ca\/wp-json\/wp\/v2\/media?parent=17665"}],"wp:term":[{"taxonomy":"category","embeddable":true,"href":"https:\/\/www.jda.es\/ca\/wp-json\/wp\/v2\/categories?post=17665"},{"taxonomy":"post_tag","embeddable":true,"href":"https:\/\/www.jda.es\/ca\/wp-json\/wp\/v2\/tags?post=17665"}],"curies":[{"name":"wp","href":"https:\/\/api.w.org\/{rel}","templated":true}]}}