{"id":17604,"date":"2020-10-26T10:02:42","date_gmt":"2020-10-26T10:02:42","guid":{"rendered":"http:\/\/fwcpfcf.cluster026.hosting.ovh.net\/el-govern-decreta-un-nou-estat-dalarma-que-imposa-un-toc-de-queda-excepte-canaries-entre-les-23-hores-i-les-6-del-mati\/"},"modified":"2020-10-26T10:04:28","modified_gmt":"2020-10-26T10:04:28","slug":"el-govern-decreta-un-nou-estat-dalarma-que-imposa-un-toc-de-queda-excepte-canaries-entre-les-23-hores-i-les-6-del-mati","status":"publish","type":"post","link":"https:\/\/www.jda.es\/ca\/el-govern-decreta-un-nou-estat-dalarma-que-imposa-un-toc-de-queda-excepte-canaries-entre-les-23-hores-i-les-6-del-mati\/","title":{"rendered":"El Govern decreta un nou estat d&#8217;alarma que imposa un toc de queda (excepte Can\u00e0ries) entre les 23 hores i les 6 del mat\u00ed"},"content":{"rendered":"<p><span style=\"color: #000000;\">Al BOE del dia 25 d&#8217;octubre s&#8217;ha publicat el Reial decret 926\/2020, de 25 d&#8217;octubre, pel qual es declara l&#8217;estat d&#8217;alarma per contenir la propagaci\u00f3 d&#8217;infeccions causades pel SARS-CoV-2, que estableix la prohibici\u00f3 general de la mobilitat nocturna (toc de queda) entre les 23 hores i les 6 del mat\u00ed, i cada comunitat aut\u00f2noma pot modular el seu inici entre les 22.00 i les 00.00 hores i la seva fi entre les 5.00 i les 7.00 del mat\u00ed. La seva aplicaci\u00f3 ser\u00e0 per a tot el pa\u00eds excepte Can\u00e0ries. En aquest per\u00edode, nom\u00e9s ser\u00e0 possible la circulaci\u00f3 per causes justificades com ara l&#8217;adquisici\u00f3 de medicaments, compliment d&#8217;obligacions laborals, cura de gent gran o menors d&#8217;edat i retorn al domicili. A m\u00e9s, les comunitats aut\u00f2nomes podran decidir limitar l&#8217;entrada i sortida dels seus territoris, per a tot el per\u00edmetre de la comunitat o per a un \u00e0mbit inferior. Igualment, podran limitar la perman\u00e8ncia de persones en espais p\u00fablics o privats a un m\u00e0xim de 6 persones, tret que es tracti de convivents.<\/span><\/p>\n<p><span style=\"color: #000000;\">L&#8217;informem que al BOE del dia 25 d&#8217;octubre s&#8217;ha publicat el\u00a0<a style=\"color: #000000;\" href=\"https:\/\/www.boe.es\/boe\/dias\/2020\/10\/25\/pdfs\/BOE-A-2020-12898.pdf\"><em>Reial decret 926\/2020, de 25 d&#8217;octubre, pel qual es declara l&#8217;estat d&#8217;alarma per contenir la propagaci\u00f3 d&#8217;infeccions causades pel SARS-CoV-2<\/em><\/a>, que\u00a0<strong>va entrar en vigor<\/strong>\u00a0en el moment de la seva publicaci\u00f3.<\/span><\/p>\n<p><span style=\"color: #000000;\">D&#8217;aquesta manera, i despr\u00e9s de la reuni\u00f3 del Consell de Ministres del dia 25 d&#8217;octubre de 2020, el Govern declara l&#8217;estat d&#8217;alarma\u00a0<strong>en tot el territori nacional<\/strong>\u00a0per contenir la propagaci\u00f3 d&#8217;infeccions causades pel SARS-CoV-2. A l&#8217;efecte de l&#8217;estat d&#8217;alarma,\u00a0<strong>l&#8217;autoritat competent<\/strong>\u00a0\u00e9s el Govern de la Naci\u00f3. En cada comunitat o ciutat aut\u00f2noma, l&#8217;autoritat competent delegada \u00e9s qui ostenti la seva presid\u00e8ncia.<\/span><\/p>\n<p><span style=\"color: #000000;\">L&#8217;estat d&#8217;alarma\u00a0<strong>finalitzar\u00e0 a les 00.00 hores del dia 9 de novembre de 2020<\/strong>, sense perjudici de les\u00a0<strong>pr\u00f2rrogues<\/strong>\u00a0que es puguin establir (el Govern sol\u00b7licitar\u00e0 al Parlament\u00a0<strong>la seva extensi\u00f3 a sis mesos<\/strong>\u00a0per respondre davant la situaci\u00f3 de risc causada per la pand\u00e8mia de la COVID-19. Aquest termini \u00e9s considerat necessari, sobre la base de criteris cient\u00edfics i recomanacions dels experts, per comen\u00e7ar a superar tant la segona onada actual de la pand\u00e8mia com la seva etapa m\u00e9s nociva).<\/span><\/p>\n<p>&nbsp;<\/p>\n<ol>\n<li><span style=\"color: #000000;\"><strong> Limitaci\u00f3 de la llibertat de circulaci\u00f3 de les persones en horari nocturn<\/strong><\/span><\/li>\n<\/ol>\n<p><span style=\"color: #000000;\">S&#8217;estableix la prohibici\u00f3 general de la mobilitat nocturna entre les 23 hores i les 6 del mat\u00ed, i cada comunitat aut\u00f2noma podr\u00e0 modular el seu inici entre les 22.00 i les 00.00 hores i la seva finalitzaci\u00f3 entre les 5.00 i les 7.00 del mat\u00ed. La seva aplicaci\u00f3 ser\u00e0 per a tot el pa\u00eds excepte la Comunitat Aut\u00f2noma de Can\u00e0ries, pel fet de la seva millor situaci\u00f3 epidemiol\u00f2gica.<\/span><\/p>\n<p><span style=\"color: #000000;\">En aquest per\u00edode, nom\u00e9s ser\u00e0 possible la circulaci\u00f3 per causes justificades. En concret,\u00a0<strong>les persones \u00fanicament podran circular<\/strong>\u00a0per les vies o espais d&#8217;\u00fas p\u00fablic per a la realitzaci\u00f3 de les\u00a0<strong>seg\u00fcents activitats<\/strong>:<\/span><\/p>\n<p style=\"padding-left: 30px;\"><span style=\"color: #000000;\">a) Adquisici\u00f3 de medicaments, productes sanitaris i altres b\u00e9ns de primera necessitat.<\/span><\/p>\n<p style=\"padding-left: 30px;\"><span style=\"color: #000000;\">b) Assist\u00e8ncia a centres, serveis i establiments sanitaris.<\/span><\/p>\n<p style=\"padding-left: 30px;\"><span style=\"color: #000000;\">c) Assist\u00e8ncia a centres d&#8217;atenci\u00f3 veterin\u00e0ria per motius d&#8217;urg\u00e8ncia.<\/span><\/p>\n<p style=\"padding-left: 30px;\"><span style=\"color: #000000;\">d) Compliment d&#8217;obligacions laborals, professionals, empresarials, institucionals o legals.<\/span><\/p>\n<p style=\"padding-left: 30px;\"><span style=\"color: #000000;\">e) Retorn al lloc de resid\u00e8ncia habitual despr\u00e9s de realitzar algunes de les activitats previstes en aquest apartat.<\/span><\/p>\n<p style=\"padding-left: 30px;\"><span style=\"color: #000000;\">f) Assist\u00e8ncia i cura de gent gran, menors, dependents, persones amb discapacitat o persones especialment vulnerables.<\/span><\/p>\n<p style=\"padding-left: 30px;\"><span style=\"color: #000000;\">g) Per causa de for\u00e7a major o situaci\u00f3 de necessitat.<\/span><\/p>\n<p style=\"padding-left: 30px;\"><span style=\"color: #000000;\">h) Qualsevol altra activitat d&#8217;an\u00e0loga naturalesa, degudament acreditada.<\/span><\/p>\n<p style=\"padding-left: 30px;\"><span style=\"color: #000000;\">i) Prove\u00efment de carburant en gasolineres o estacions de servei, quan resulti necessari per a la realitzaci\u00f3 de les activitats previstes en els par\u00e0grafs anteriors.<\/span><\/p>\n<p>&nbsp;<\/p>\n<p style=\"padding-left: 30px;\"><span style=\"color: #000000;\">2.<strong> Limitaci\u00f3 de l&#8217;entrada i sortida en les comunitats aut\u00f2nomes i ciutats amb Estatut d&#8217;autonomia<\/strong><\/span><\/p>\n<p><span style=\"color: #000000;\"><strong>Es restringeix\u00a0<\/strong>l&#8217;entrada i la sortida de persones del territori de cada comunitat aut\u00f2noma i de cada ciutat amb Estatut d&#8217;autonomia\u00a0<strong>excepte<\/strong>\u00a0per a aquells\u00a0<strong>despla\u00e7aments, adequadament justificats<\/strong>, que es produeixin per algun dels seg\u00fcents motius:<\/span><\/p>\n<p style=\"padding-left: 30px;\"><span style=\"color: #000000;\">a) Assist\u00e8ncia a centres, serveis i establiments sanitaris.<\/span><\/p>\n<p style=\"padding-left: 30px;\"><span style=\"color: #000000;\">b) Compliment d&#8217;obligacions laborals, professionals, empresarials, institucionals o legals.<\/span><\/p>\n<p style=\"padding-left: 30px;\"><span style=\"color: #000000;\">c) Assist\u00e8ncia a centres universitaris, docents i educatius, incloses les escoles d&#8217;educaci\u00f3 infantil.<\/span><\/p>\n<p style=\"padding-left: 30px;\"><span style=\"color: #000000;\">d) Retorn al lloc de resid\u00e8ncia habitual o familiar.<\/span><\/p>\n<p style=\"padding-left: 30px;\"><span style=\"color: #000000;\">e) Assist\u00e8ncia i cura de gent gran, menors, dependents, persones amb discapacitat o persones especialment vulnerables.<\/span><\/p>\n<p style=\"padding-left: 30px;\"><span style=\"color: #000000;\">f) Despla\u00e7ament a entitats financeres i d&#8217;assegurances o estacions de prove\u00efment de carburant en territoris lim\u00edtrofs.<\/span><\/p>\n<p style=\"padding-left: 30px;\"><span style=\"color: #000000;\">g) Actuacions requerides o urgents davant els \u00f2rgans p\u00fablics, judicials o notarials.<\/span><\/p>\n<p style=\"padding-left: 30px;\"><span style=\"color: #000000;\">h) Renovacions de permisos i documentaci\u00f3 oficial, aix\u00ed com altres tr\u00e0mits administratius inajornables.<\/span><\/p>\n<p style=\"padding-left: 30px;\"><span style=\"color: #000000;\">i) Realitzaci\u00f3 d&#8217;ex\u00e0mens o proves oficials inajornables.<\/span><\/p>\n<p style=\"padding-left: 30px;\"><span style=\"color: #000000;\">j) Per causa de for\u00e7a major o situaci\u00f3 de necessitat.<\/span><\/p>\n<p style=\"padding-left: 30px;\"><span style=\"color: #000000;\">k) Qualsevol altra activitat d&#8217;an\u00e0loga naturalesa, degudament acreditada.<\/span><\/p>\n<p><span style=\"color: #000000;\">A m\u00e9s, les comunitats aut\u00f2nomes podran decidir limitar l&#8217;entrada i sortida dels seus territoris, per a tot el per\u00edmetre de la comunitat o per a un \u00e0mbit inferior, amb les excepcions previstes en el par\u00e0graf anterior.<\/span><\/p>\n<p>&nbsp;<\/p>\n<ol start=\"3\">\n<li><span style=\"color: #000000;\"><strong> Limitaci\u00f3 de la perman\u00e8ncia de grups de persones en espais p\u00fablics i privats.<\/strong><\/span><\/li>\n<\/ol>\n<ul>\n<li><span style=\"color: #000000;\">La perman\u00e8ncia de grups de persones en espais d&#8217;\u00fas p\u00fablic, tant els\u00a0 tancats com a l&#8217;aire lliure, quedar\u00e0 condicionada al fet que no se superi el nombre m\u00e0xim de 6 persones, tret que es tracti de convivents i sense perjudici de les excepcions que s&#8217;estableixin en relaci\u00f3 a depend\u00e8ncies, instal\u00b7lacions i establiments oberts al p\u00fablic. La perman\u00e8ncia de grups de persones en espais d&#8217;\u00fas privat quedar\u00e0 condicionada al fet que no se superi el nombre m\u00e0xim de\u00a0 6 persones, tret que es tracti de convivents.<\/span><\/li>\n<\/ul>\n<ul>\n<li><span style=\"color: #000000;\">En el cas de les agrupacions en qu\u00e8 s&#8217;incloguin tant persones convivents com persones no convivents, el nombre m\u00e0xim a qu\u00e8 es refereix el par\u00e0graf anterior ser\u00e0 de sis persones.<\/span><\/li>\n<\/ul>\n<ul>\n<li><span style=\"color: #000000;\">L&#8217;autoritat competent delegada corresponent podr\u00e0 determinar, en el seu \u00e0mbit territorial, a la vista de l&#8217;evoluci\u00f3 dels indicadors sanitaris, epidemiol\u00f2gics, socials, econ\u00f2mics i de mobilitat, pr\u00e8via comunicaci\u00f3 al Ministeri de Sanitat, que el nombre m\u00e0xim sigui inferior a 6 persones, tret que es tracti de convivents.<\/span><\/li>\n<\/ul>\n<ul>\n<li><span style=\"color: #000000;\">Aix\u00ed mateix, les autoritats competents delegades podran, en el seu \u00e0mbit territorial, establir excepcions respecte a persones menors o dependents, aix\u00ed com qualsevol altra flexibilitzaci\u00f3 de la limitaci\u00f3<\/span><\/li>\n<\/ul>\n<ul>\n<li><span style=\"color: #000000;\">Les reunions en llocs de tr\u00e0nsit p\u00fablic i les manifestacions realitzades en l&#8217;exercici del dret fonamental regulat en l&#8217;article 21 de la Constituci\u00f3 es podran limitar, condicionar o prohibir quan en la pr\u00e8via comunicaci\u00f3 presentada pels promotors no quedi garantida la dist\u00e0ncia personal necess\u00e0ria per impedir els contagis.<\/span><\/li>\n<\/ul>\n<ul>\n<li><span style=\"color: #000000;\">No estaran incloses en la limitaci\u00f3 les activitats laborals i institucionals ni aquelles per a les quals s&#8217;estableixin mesures espec\u00edfiques en la normativa aplicable.<\/span><\/li>\n<\/ul>\n<p>&nbsp;<\/p>\n<ol start=\"4\">\n<li><span style=\"color: #000000;\"><strong> Limitaci\u00f3 a la perman\u00e8ncia de persones en llocs de culte<\/strong><\/span><\/li>\n<\/ol>\n<p><span style=\"color: #000000;\">Es limita la perman\u00e8ncia de persones en llocs de culte mitjan\u00e7ant la fixaci\u00f3, per part de l&#8217;autoritat competent delegada corresponent, d&#8217;aforaments per a les reunions, celebracions i trobades religioses, at\u00e8s el risc de transmissi\u00f3 que pogu\u00e9s resultar de les trobades col\u00b7lectives. Aquesta limitaci\u00f3 no podr\u00e0 afectar en cap cas a l&#8217;exercici privat i individual de la llibertat religiosa.<\/span><\/p>\n<p><span style=\"color: #000000;\"><strong>Atenci\u00f3. Les mesures previstes en els apartats 2, 3 i 4\u00a0<\/strong>seran eficaces en el territori de cada comunitat o ciutat aut\u00f2noma quan l&#8217;autoritat competent delegada les determini. Cadascuna podr\u00e0, en el seu \u00e0mbit territorial, a la vista de l&#8217;evoluci\u00f3 dels indicadors sanitaris, epidemiol\u00f2gics, socials, econ\u00f2mics i de mobilitat, modular, flexibilitzar i suspendre l&#8217;aplicaci\u00f3 de les mesures.<\/span><\/p>\n<p>&nbsp;<\/p>\n<ol start=\"5\">\n<li><span style=\"color: #000000;\"><strong> Processos electorals<\/strong><\/span><\/li>\n<\/ol>\n<p><span style=\"color: #000000;\">La vig\u00e8ncia de l&#8217;estat d&#8217;alarma no impedir\u00e0 el desenvolupament ni la realitzaci\u00f3 de les actuacions electorals necess\u00e0ries per a la celebraci\u00f3 d&#8217;eleccions convocades a parlaments de comunitats aut\u00f2nomes.<\/span><\/p>\n<p><span style=\"color: #000000;\">Es poden posar en contacte amb aquest despatx professional per qualsevol dubte o aclariment que puguin tenir sobre aquest tema.<\/span><\/p>\n<hr \/>\n<p><span style=\"color: #000000;\"><strong>JDA SFAI\u00a0<\/strong><\/span><\/p>\n","protected":false},"excerpt":{"rendered":"<p>Al BOE del dia 25 d&#8217;octubre s&#8217;ha publicat el Reial decret 926\/2020, de 25 d&#8217;octubre, pel qual es declara l&#8217;estat d&#8217;alarma per contenir la propagaci\u00f3 d&#8217;infeccions causades pel SARS-CoV-2, que estableix la prohibici\u00f3 general de la mobilitat nocturna (toc de queda) entre les 23 hores i les 6 del mat\u00ed, i cada comunitat aut\u00f2noma pot<\/p>\n","protected":false},"author":50,"featured_media":17602,"comment_status":"open","ping_status":"open","sticky":false,"template":"","format":"standard","meta":{"rs_blank_template":"","rs_page_bg_color":"","slide_template_v7":"","footnotes":""},"categories":[766],"tags":[],"class_list":["post-17604","post","type-post","status-publish","format-standard","has-post-thumbnail","hentry","category-legal-ca"],"_links":{"self":[{"href":"https:\/\/www.jda.es\/ca\/wp-json\/wp\/v2\/posts\/17604","targetHints":{"allow":["GET"]}}],"collection":[{"href":"https:\/\/www.jda.es\/ca\/wp-json\/wp\/v2\/posts"}],"about":[{"href":"https:\/\/www.jda.es\/ca\/wp-json\/wp\/v2\/types\/post"}],"author":[{"embeddable":true,"href":"https:\/\/www.jda.es\/ca\/wp-json\/wp\/v2\/users\/50"}],"replies":[{"embeddable":true,"href":"https:\/\/www.jda.es\/ca\/wp-json\/wp\/v2\/comments?post=17604"}],"version-history":[{"count":0,"href":"https:\/\/www.jda.es\/ca\/wp-json\/wp\/v2\/posts\/17604\/revisions"}],"wp:featuredmedia":[{"embeddable":true,"href":"https:\/\/www.jda.es\/ca\/wp-json\/wp\/v2\/media\/17602"}],"wp:attachment":[{"href":"https:\/\/www.jda.es\/ca\/wp-json\/wp\/v2\/media?parent=17604"}],"wp:term":[{"taxonomy":"category","embeddable":true,"href":"https:\/\/www.jda.es\/ca\/wp-json\/wp\/v2\/categories?post=17604"},{"taxonomy":"post_tag","embeddable":true,"href":"https:\/\/www.jda.es\/ca\/wp-json\/wp\/v2\/tags?post=17604"}],"curies":[{"name":"wp","href":"https:\/\/api.w.org\/{rel}","templated":true}]}}