{"id":17452,"date":"2020-10-15T14:44:12","date_gmt":"2020-10-15T14:44:12","guid":{"rendered":"http:\/\/fwcpfcf.cluster026.hosting.ovh.net\/el-govern-aprova-el-projecte-de-llei-de-mesures-de-prevencio-i-lluita-contra-el-frau-fiscal\/"},"modified":"2020-10-15T14:46:05","modified_gmt":"2020-10-15T14:46:05","slug":"el-govern-aprova-el-projecte-de-llei-de-mesures-de-prevencio-i-lluita-contra-el-frau-fiscal","status":"publish","type":"post","link":"https:\/\/www.jda.es\/ca\/el-govern-aprova-el-projecte-de-llei-de-mesures-de-prevencio-i-lluita-contra-el-frau-fiscal\/","title":{"rendered":"El Govern aprova el projecte de Llei de mesures de prevenci\u00f3 i lluita contra el frau fiscal"},"content":{"rendered":"<p><span style=\"color: #000000;\">El Consell de Ministres del dia 13 d&#8217;octubre ha aprovat el projecte de Llei de mesures de prevenci\u00f3 i lluita contra el frau fiscal, i ha ordenat la seva remissi\u00f3 a les Corts Generals que iniciar\u00e0 ara el seu tr\u00e0mit parlamentari. Entre altres mesures, la norma preveu reduir els l\u00edmits dels pagaments en efectiu, establir noves obligacions d&#8217;informaci\u00f3 sobre monedes virtuals, prohibir amnisties fiscals i programari que permeti manipular dades comptables, ampliar la llista de paradisos fiscals i incloure als responsables solidaris en la llista de morosos, a m\u00e9s del nou \u00fas del valor de refer\u00e8ncia (ITP i AJD, IP i ISD).<\/span><\/p>\n<p><span style=\"color: #000000;\">L&#8217;informem que el Consell de Ministres en la seva reuni\u00f3 del dia 13 d&#8217;octubre ha aprovat el <strong>projecte de Llei de mesures de prevenci\u00f3 i lluita contra el frau fiscal<\/strong>, de transposici\u00f3 de la Directiva (UE) 2016\/1164, del Consell, de 12 de juliol de 2016, per la qual s&#8217;estableixen normes contra les pr\u00e0ctiques d&#8217;elusi\u00f3 fiscal que incideixen directament en el funcionament del mercat interior, de modificaci\u00f3 de diverses normes tribut\u00e0ries i en mat\u00e8ria de regulaci\u00f3 del joc i ha ordenat <strong>la seva remissi\u00f3 a les Corts Generals que iniciar\u00e0 ara el seu tr\u00e0mit parlamentari<\/strong>.<\/span><\/p>\n<p><span style=\"color: #000000;\">El projecte de llei cont\u00e9 canvis en diverses normes i figures tribut\u00e0ries, tant per incorporar el Dret comunitari a l&#8217;ordenament intern com per implantar mesures que reforcin la lluita contra l&#8217;elusi\u00f3 fiscal complexa i l&#8217;economia submergida.<\/span><\/p>\n<p><span style=\"color: #000000;\"><strong>Enduriment de la limitaci\u00f3 dels pagaments en efectiu<\/strong><\/span><\/p>\n<p><span style=\"color: #000000;\">Aquest projecte de llei modifica la limitaci\u00f3 del pagament en efectiu per a determinades operacions econ\u00f2miques que passar\u00e0 de 2.500 a 1.000 euros, en el sup\u00f2sit d&#8217;operacions entre empresaris.<\/span><\/p>\n<p><span style=\"color: #000000;\">Tenint en compte que la utilitzaci\u00f3 de mitjans de pagament en efectiu facilita els comportaments defraudadors, a fi d&#8217;aprofundir en la lluita contra el frau, es disminueix el l\u00edmit general d&#8217;aquesta mena de pagaments. No obstant aix\u00f2, per minimitzar els efectes col\u00b7laterals en petites economies dom\u00e8stiques es mant\u00e9 el l\u00edmit de 2.500 euros per als pagaments realitzats per particulars.<\/span><\/p>\n<p><span style=\"color: #000000;\">Al seu torn, es disminueix el l\u00edmit de pagament en efectiu de 15.000 a 10.000 euros en el cas de particulars amb domicili fiscal fora d&#8217;Espanya. Amb aix\u00f2, es persegueix restringir aquestes operacions que, a l&#8217;\u00e9sser en efectiu, s\u00f3n m\u00e9s dif\u00edcilment tra\u00e7ables i poden facilitar, per tant, el frau.<\/span><\/p>\n<p><span style=\"color: #000000;\"><strong>Prohibici\u00f3 d&#8217;amnisties fiscals<\/strong><\/span><\/p>\n<p><span style=\"color: #000000;\">Una altra mesura que es contempla \u00e9s la prohibici\u00f3 per llei d&#8217;amnisties fiscals, que afectar\u00e0 grans fortunes i patrimonis. Es considera pertinent recon\u00e8ixer de manera expressa la prohibici\u00f3 de qualsevol mecanisme extraordinari de regularitzaci\u00f3 fiscal que impliqui la disminuci\u00f3 de la quantia del deute tributari. S&#8217;impedeix aix\u00ed que hi hagi beneficis tributaris injustificats que suposin la fallida del deure de contribuir al sosteniment de les despeses de l&#8217;Estat.<\/span><\/p>\n<p><span style=\"color: #000000;\"><strong>Ampliaci\u00f3 del llistat de deutors de la Hisenda P\u00fablica<\/strong><\/span><\/p>\n<p><span style=\"color: #000000;\">Aquest projecte de llei disminueix d&#8217;un mili\u00f3 a 600.000 euros, el l\u00edmit pel qual s&#8217;inclou el deutor\u00a0 en aquest llistat. L&#8217;objectiu \u00e9s fomentar l&#8217;ingr\u00e9s de deutes per part dels grans deutors amb la Hisenda P\u00fablica.<\/span><\/p>\n<p><span style=\"color: #000000;\">Aix\u00ed mateix, s&#8217;inclou expressament en la llista de deutors a la Hisenda P\u00fablica, al costat dels deutors principals, als responsables solidaris. Amb aix\u00f2 es persegueix que les implicacions d&#8217;apar\u00e8ixer en el llistat arribin en major mesura als veritables responsables dels deutes.<\/span><\/p>\n<p><span style=\"color: #000000;\"><strong>Lluita contra els paradisos fiscals<\/strong><\/span><\/p>\n<p><span style=\"color: #000000;\">Una altra mesura inclosa en el projecte de llei \u00e9s l&#8217;actualitzaci\u00f3 i ampliaci\u00f3 del concepte de parad\u00eds fiscal que passen a denominar-se jurisdiccions no cooperatives, terme utilitzat internacionalment.<\/span><\/p>\n<p><span style=\"color: #000000;\">El concepte de parad\u00eds fiscal s&#8217;amplia atenent criteris d&#8217;equitat fiscal i transpar\u00e8ncia. Aix\u00ed, s&#8217;inclouran en la llista de paradisos, per exemple, els territoris que facilitin l&#8217;exist\u00e8ncia de societats extraterritorials per atreure beneficis sense activitat econ\u00f2mica real, o aquells on hi hagi opacitat i falta de transpar\u00e8ncia, o territoris amb els quals no existeixi un efectiu intercanvi d&#8217;informaci\u00f3 sobre el titular real dels b\u00e9ns o drets, o on existeixi una baixa o nul\u00b7la tributaci\u00f3 (fins ara nom\u00e9s s&#8217;inclo\u00efa el concepte de nul\u00b7la tributaci\u00f3).<\/span><\/p>\n<p><span style=\"color: #000000;\">Aix\u00ed mateix, s&#8217;inclouran els r\u00e8gims fiscals preferencials que resultin perjudicials, establerts en territoris que faciliten el frau, per exemple, r\u00e8gims que donen un tracte de favor als no residents respecte als residents.<\/span><\/p>\n<p><span style=\"color: #000000;\">A m\u00e9s, s&#8217;habilitar\u00e0 al Govern per actualitzar la llista de paradisos fiscals, que haur\u00e0 de ser revisada peri\u00f2dicament, amb un enfocament din\u00e0mic.<\/span><\/p>\n<p><span style=\"color: #000000;\"><strong>Lluita contra el programari de doble \u00fas<\/strong><\/span><\/p>\n<p><span style=\"color: #000000;\">Tamb\u00e9 s&#8217;estableix la prohibici\u00f3 del denominat programari de doble \u00fas, que consisteix en programes inform\u00e0tics que permeten manipular la comptabilitat. L&#8217;objectiu \u00e9s no permetre ni la producci\u00f3 ni la tinen\u00e7a de programes i sistemes inform\u00e0tics que possibilitin la manipulaci\u00f3 de dades comptables i de gesti\u00f3.<\/span><\/p>\n<p><span style=\"color: #000000;\">L&#8217;Ag\u00e8ncia Tribut\u00e0ria ve refor\u00e7ant les seves actuacions en aquest \u00e0mbit i en els \u00faltims cinc anys s&#8217;han regularitzat 1.500 milions d&#8217;euros, dels quals m\u00e9s de 300 milions corresponen al passat exercici. Amb aquesta nova llei, l&#8217;Ag\u00e8ncia comptar\u00e0 a m\u00e9s eines per refor\u00e7ar la seva capacitat en la lluita contra l&#8217;\u00fas d&#8217;aquests programes inform\u00e0tics, que permeten alterar vendes.<\/span><\/p>\n<p><span style=\"color: #000000;\">Aix\u00ed, el projecte de llei exigeix que els sistemes inform\u00e0tics o electr\u00f2nics que suportin processos comptables o de gesti\u00f3 empresarial s&#8217;ajustin a uns certs requisits que garanteixin la integritat, conservaci\u00f3, tra\u00e7abilitat i inalterabilitat dels registres d&#8217;operacions.<\/span><\/p>\n<p><span style=\"color: #000000;\">Es contempla la possibilitat d&#8217;incloure especificacions t\u00e8cniques via desenvolupament reglamentari, incloent-hi sotmetre-ho a certificaci\u00f3 i s&#8217;estableix un r\u00e8gim sancionador espec\u00edfic per la producci\u00f3 d&#8217;aquests programes o la seva tinen\u00e7a sense l&#8217;adequada certificaci\u00f3.<\/span><\/p>\n<p><span style=\"color: #000000;\"><strong>Control de criptomonedes<\/strong><\/span><\/p>\n<p><span style=\"color: #000000;\">Les noves circumst\u00e0ncies existents en el m\u00f3n econ\u00f2mic fan necessari ajustar la Llei 7\/2012 que va introduir l&#8217;obligaci\u00f3 d&#8217;informar sobre b\u00e9ns i drets situats a l&#8217;estranger. En l&#8217;actualitat, es fa necessari tenir un control m\u00e9s elevat sobre les criptomonedes i per aix\u00f2 s&#8217;incorpora l&#8217;obligaci\u00f3 d&#8217;informar sobre la tinen\u00e7a i operativa amb monedes virtuals, tant les situades a Espanya com a l&#8217;estranger si afecta contribuents espanyols.<\/span><\/p>\n<p><span style=\"color: #000000;\">D&#8217;aquesta manera, s&#8217;exigir\u00e0 informaci\u00f3 sobre saldos i titulars de les monedes en cust\u00f2dia. A m\u00e9s, s&#8217;estableix l&#8217;obligaci\u00f3 de subministrar informaci\u00f3 sobre les operacions d&#8217;adquisici\u00f3, transmissi\u00f3, permuta, transfer\u00e8ncia, cobraments i pagaments, amb criptomonedes.<\/span><\/p>\n<p><span style=\"color: #000000;\">Tamb\u00e9 s&#8217;introdueix l&#8217;obligaci\u00f3 d&#8217;informar en el model 720 de declaracions de b\u00e9ns i drets en l&#8217;exterior, sobre la tinen\u00e7a de monedes virtuals en l&#8217;estranger.<\/span><\/p>\n<p><span style=\"color: #000000;\"><strong>Valor de refer\u00e8ncia (ITP i AJD, IP i ISD)<\/strong><\/span><\/p>\n<p><span style=\"color: #000000;\">Donada l&#8217;elevada litigiositat existent en la valoraci\u00f3 dels b\u00e9ns i drets afectats per aquests impostos, es fa una reforma per donar seguretat jur\u00eddica a contribuents i administracions tribut\u00e0ries, d&#8217;acord amb la doctrina del Tribunal Suprem.<\/span><\/p>\n<p><span style=\"color: #000000;\">En nom de la seguretat jur\u00eddica, en el cas de b\u00e9ns immobles, el valor de refer\u00e8ncia del cadastre es converteix en la base imposable dels tributs patrimonials, de manera objectiva.<\/span><\/p>\n<p><span style=\"color: #000000;\">Aquest valor de refer\u00e8ncia de cada immoble es basa en totes les compravendes d&#8217;immobles efectivament realitzades i formalitzades davant fedatari. Es calcula amb unes regles t\u00e8cniques justes i transparents i es fixar\u00e0 per cadastre mitjan\u00e7ant un procediment administratiu garantista per al seu general coneixement.<\/span><\/p>\n<p><span style=\"color: #000000;\">Aquest nou \u00fas del valor de refer\u00e8ncia compta amb el suport de les comunitats aut\u00f2nomes de manera un\u00e0nime i la norma que es presenta \u00e9s fruit del consens aconseguit en el Consell Superior per a la Direcci\u00f3 i Coordinaci\u00f3 de la Gesti\u00f3 Tribut\u00e0ria, \u00f2rgan interadministratiu en el qual hi ha representades les CCAA, juntament amb el Ministeri d&#8217;Hisenda i l&#8217;Ag\u00e8ncia Tribut\u00e0ria.<\/span><\/p>\n<p><span style=\"color: #000000;\">Aix\u00ed mateix, en el si del Consell, totes les CCAA han manifestat la seva voluntat de subscriure, de manera imminent, convenis de col\u00b7laboraci\u00f3 amb l&#8217;Estat per la coordinaci\u00f3 d&#8217;actuacions relatives al valor de refer\u00e8ncia.<\/span><\/p>\n<p><span style=\"color: #000000;\">Cal tenir en compte que el valor de refer\u00e8ncia \u00e9s diferent del valor cadastral i per aix\u00f2, aquesta norma no afecta de cap manera als impostos que usen el valor cadastral com a base imposable (com l&#8217;IRPF, l&#8217;IBI o l&#8217;impost sobre l&#8217;increment del valor dels terrenys de naturalesa urbana).<\/span><\/p>\n<p><span style=\"color: #000000;\"><strong>Mesures antielusi\u00f3 fiscal<\/strong><\/span><\/p>\n<p><span style=\"color: #000000;\">Aquest projecte de llei tamb\u00e9 contempla la transposici\u00f3 de la Directiva europea antielusi\u00f3 fiscal, coneguda per ATAD, per la qual s&#8217;estableixen normes contra les pr\u00e0ctiques d&#8217;elusi\u00f3 fiscal, que incideixen directament en el mercat interior. La directiva incorpora diverses de les mat\u00e8ries tractades en els informes de l&#8217;OCDE del Pla d&#8217;acci\u00f3 per evitar l&#8217;erosi\u00f3 de la base imposable i el trasllat de beneficis (Pla BEPS)<\/span><\/p>\n<p><span style=\"color: #000000;\">En aquest projecte de llei, s&#8217;incorporen a la legislaci\u00f3 espanyola, els \u00e0mbits de la directiva concernents a la Transpar\u00e8ncia Fiscal Internacional (TFI) i a la imposici\u00f3 de sortida o &#8220;Exit Tax&#8221;.<\/span><\/p>\n<p><span style=\"color: #000000;\">D&#8217;una banda, per refor\u00e7ar la tributaci\u00f3 a Espanya de rendes que es localitzaven en territoris de baixa fiscalitat, i aix\u00ed evitar la seva deslocalitzaci\u00f3.<\/span><\/p>\n<p><span style=\"color: #000000;\">D&#8217;altra banda, es pret\u00e9n assegurar que les empreses que es traslladin a un altre pa\u00eds no deixin de tributar per bases imposables que legalment han de quedar gravades a Espanya.<\/span><\/p>\n<p><span style=\"color: #000000;\">Aix\u00ed, amb el &#8220;Exit Tax&#8221; es busca garantir que, quan una empresa traslladi els seus actius o la seva resid\u00e8ncia fiscal fora de l&#8217;Estat, aquest Estat gravi el valor econ\u00f2mic de qualsevol plusv\u00e0lua creada en el seu territori, encara que la plusv\u00e0lua en q\u00fcesti\u00f3 encara no s&#8217;hagi realitzat en el moment del trasllat d&#8217;actius. D&#8217;aquesta manera, s&#8217;aconsegueix que tributin a Espanya les plusv\u00e0lues generades quan una societat trasllada la seva resid\u00e8ncia fiscal a l&#8217;estranger.<\/span><\/p>\n<p><span style=\"color: #000000;\"><strong>Compliment voluntari de les obligacions<\/strong><\/span><\/p>\n<p><span style=\"color: #000000;\">D&#8217;altra banda, el projecte de llei cont\u00e9 actuacions per alleugerir el volum de litigis amb els contribuents i fomentar el pagament voluntari. Es contemplen canvis en el r\u00e8gim de reduccions aplicables a les sancions tribut\u00e0ries i en el r\u00e8gim de rec\u00e0rrecs per aconseguir una m\u00e9s gran simplificaci\u00f3 i afavorir el pagament voluntari.<\/span><\/p>\n<p><span style=\"color: #000000;\">Aix\u00ed mateix, inclou mesures per refor\u00e7ar el control dels operadors del joc, que hauran de col\u00b7laborar en la lluita contra el frau en aquesta activitat. S&#8217;habiliten mecanismes per lluitar contra la manipulaci\u00f3 de les competicions esportives i combatre el frau que es pot produir en les apostes esportives.<\/span><\/p>\n<p><span style=\"color: #000000;\">Es poden posar en contacte amb aquest despatx professional per qualsevol dubte o aclariment que puguin tenir sobre aquest tema.<\/span><\/p>\n<hr \/>\n<p><span style=\"color: #000000;\"><strong>JDA SFAI\u00a0<\/strong><\/span><\/p>\n","protected":false},"excerpt":{"rendered":"<p>El Consell de Ministres del dia 13 d&#8217;octubre ha aprovat el projecte de Llei de mesures de prevenci\u00f3 i lluita contra el frau fiscal, i ha ordenat la seva remissi\u00f3 a les Corts Generals que iniciar\u00e0 ara el seu tr\u00e0mit parlamentari. Entre altres mesures, la norma preveu reduir els l\u00edmits dels pagaments en efectiu, establir<\/p>\n","protected":false},"author":50,"featured_media":17450,"comment_status":"open","ping_status":"open","sticky":false,"template":"","format":"standard","meta":{"rs_blank_template":"","rs_page_bg_color":"","slide_template_v7":"","footnotes":""},"categories":[826],"tags":[],"class_list":["post-17452","post","type-post","status-publish","format-standard","has-post-thumbnail","hentry","category-fiscal-ca-2"],"_links":{"self":[{"href":"https:\/\/www.jda.es\/ca\/wp-json\/wp\/v2\/posts\/17452","targetHints":{"allow":["GET"]}}],"collection":[{"href":"https:\/\/www.jda.es\/ca\/wp-json\/wp\/v2\/posts"}],"about":[{"href":"https:\/\/www.jda.es\/ca\/wp-json\/wp\/v2\/types\/post"}],"author":[{"embeddable":true,"href":"https:\/\/www.jda.es\/ca\/wp-json\/wp\/v2\/users\/50"}],"replies":[{"embeddable":true,"href":"https:\/\/www.jda.es\/ca\/wp-json\/wp\/v2\/comments?post=17452"}],"version-history":[{"count":0,"href":"https:\/\/www.jda.es\/ca\/wp-json\/wp\/v2\/posts\/17452\/revisions"}],"wp:featuredmedia":[{"embeddable":true,"href":"https:\/\/www.jda.es\/ca\/wp-json\/wp\/v2\/media\/17450"}],"wp:attachment":[{"href":"https:\/\/www.jda.es\/ca\/wp-json\/wp\/v2\/media?parent=17452"}],"wp:term":[{"taxonomy":"category","embeddable":true,"href":"https:\/\/www.jda.es\/ca\/wp-json\/wp\/v2\/categories?post=17452"},{"taxonomy":"post_tag","embeddable":true,"href":"https:\/\/www.jda.es\/ca\/wp-json\/wp\/v2\/tags?post=17452"}],"curies":[{"name":"wp","href":"https:\/\/api.w.org\/{rel}","templated":true}]}}