{"id":17245,"date":"2020-09-23T16:03:45","date_gmt":"2020-09-23T16:03:45","guid":{"rendered":"http:\/\/fwcpfcf.cluster026.hosting.ovh.net\/mesures-concursals-i-societaries-de-la-nova-llei-3-2020-de-18-de-setembre\/"},"modified":"2020-09-23T16:07:41","modified_gmt":"2020-09-23T16:07:41","slug":"mesures-concursals-i-societaries-de-la-nova-llei-3-2020-de-18-de-setembre","status":"publish","type":"post","link":"https:\/\/www.jda.es\/ca\/mesures-concursals-i-societaries-de-la-nova-llei-3-2020-de-18-de-setembre\/","title":{"rendered":"Mesures concursals i societ\u00e0ries de la nova Llei 3\/2020, de 18 de setembre"},"content":{"rendered":"<p><span style=\"color: #000000;\">Al BOE del 19 de setembre de 2020 s&#8217;ha publicat la Llei 3\/2020, de 18 de setembre, de mesures processals i organitzatives per fer front a la COVID-19 en l&#8217;\u00e0mbit de l&#8217;Administraci\u00f3 de Just\u00edcia, que prov\u00e9 del Reial decret llei 16\/2020 que deroga, i cont\u00e9 mesures d&#8217;entre les quals destaquem les que afecten en l&#8217;\u00e0mbit concursal i societari.<\/span><\/p>\n<p><span style=\"color: #000000;\">L&#8217;informem que al BOE del 19 de setembre, i amb <strong>entrada en vigor el 20<\/strong>, s&#8217;ha publicat la Llei 3\/2020, de 18 de setembre, de mesures processals i organitzatives per fer front a la COVID-19 en l&#8217;\u00e0mbit de l&#8217;Administraci\u00f3 de Just\u00edcia, que prov\u00e9 del Reial decret llei 16\/2020 al qual deroga, i que cont\u00e9 mesures d&#8217;entre les quals destaquem per la seva import\u00e0ncia, les relacionades en l&#8217;\u00e0mbit concursal i societari.<\/span><\/p>\n<p><span style=\"color: #000000;\"><strong>MESURES EN L&#8217;\u00c0MBIT CONCURSAL I SOCIETARI<\/strong><\/span><\/p>\n<ol>\n<li><span style=\"color: #000000;\"><strong> Modificaci\u00f3 del conveni concursal o de l&#8217;acord extrajudicial de pagaments o de l&#8217;acord de refinan\u00e7ament homologat. <\/strong>Es facilita la seva modificaci\u00f3 i es pot presentar el que es trobi en per\u00edode de compliment fins al 14 de mar\u00e7 de 2021 inclusivament. A m\u00e9s, s&#8217;estableix que el jutge donar\u00e0 trasllat al concursat de cada sol\u00b7licitud de declaraci\u00f3 de l&#8217;incompliment del conveni que presentin els creditors fins al 31 d&#8217;octubre de 2020 inclusivament, per\u00f2 no les admetr\u00e0 a tr\u00e0mit fins que transcorrin 3 mesos a comptar des que finalitzi aquest termini, i el concursat podr\u00e0 presentar -durant aquests 3 mesos- proposta de modificaci\u00f3 del conveni, que es tramitar\u00e0 amb prioritat a la sol\u00b7licitud de declaraci\u00f3 d&#8217;incompliment.<\/span><\/li>\n<\/ol>\n<p><span style=\"color: #000000;\">A m\u00e9s, respecte als acords de refinan\u00e7ament homologats, es permet tamb\u00e9 la presentaci\u00f3 de nova sol\u00b7licitud sense necessitat que transcorri 1 any des de la presentaci\u00f3 de l&#8217;anterior.<\/span><\/p>\n<ol start=\"2\">\n<li><span style=\"color: #000000;\"><strong> Ajornament, fins al 14 de mar\u00e7 de 2021 inclusivament, del deure de sol\u00b7licitar l&#8217;obertura de la fase de liquidaci\u00f3 <\/strong>quan, durant la vig\u00e8ncia del conveni, el deutor conegui la impossibilitat de complir els pagaments compromesos i les obligacions contretes amb posterioritat a la seva aprovaci\u00f3.<\/span><\/li>\n<li><span style=\"color: #000000;\"><strong> Ampliaci\u00f3, fins al 31 de desembre de 2020 inclusivament, de la suspensi\u00f3 del deure de sol\u00b7licitar la declaraci\u00f3 de concurs de creditors. <\/strong>A m\u00e9s, es preveu que a l&#8217;efecte de la causa legal de <strong>dissoluci\u00f3 per p\u00e8rdues no es computaran les del present exercici<\/strong>.<\/span><\/li>\n<li><span style=\"color: #000000;\"><strong> Qualificaci\u00f3 com a cr\u00e8dits contra la massa<\/strong>, arribat el cas de liquidaci\u00f3, dels cr\u00e8dits derivats de compromisos de finan\u00e7ament o de prestaci\u00f3 de garanties a c\u00e0rrec de tercers, incloses les persones especialment relacionades amb el concursat, que figuressin en la proposta de conveni o en la proposta de modificaci\u00f3 de l&#8217;aprovat pel jutge. <strong>Tamb\u00e9 es qualifiquen d&#8217;ordinaris<\/strong> els cr\u00e8dits de les persones especialment vinculades amb el deutor en els concursos que es poguessin declarar dins dels 2 anys seg\u00fcents al 14 de mar\u00e7 de 2020 (data de declaraci\u00f3 de l&#8217;estat d&#8217;alarma).<\/span><\/li>\n<li><span style=\"color: #000000;\"><strong> Agilitaci\u00f3 del proc\u00e9s concursal<\/strong>, i s&#8217;estableix la no necessitat de celebraci\u00f3 de vistes, la confessi\u00f3 de la insolv\u00e8ncia, la tramitaci\u00f3 preferent de determinades actuacions tendents a la protecci\u00f3 dels drets dels treballadors, a mantenir la continu\u00eftat de l&#8217;empresa i a conservar el valor de b\u00e9ns i drets, aix\u00ed com la simplificaci\u00f3 de determinats actes i incidents (subhastes, impugnaci\u00f3 d&#8217;inventari i llistes de creditors o aprovaci\u00f3 de plans de liquidaci\u00f3).<\/span><\/li>\n<\/ol>\n<p><span style=\"color: #000000;\"><strong>ALTRES MESURES<\/strong><\/span><\/p>\n<ul>\n<li><span style=\"color: #000000;\"><strong>Canvi extraordinari de les circumst\u00e0ncies contractuals: abans del 20 de desembre de 2020,<\/strong> el Govern presentar\u00e0 a les Comissions de Just\u00edcia del Congr\u00e9s dels Diputats i del Senat un estudi sobre les possibilitats i opcions legals, incloses les existents en dret comparat, per a incorporar en el r\u00e8gim jur\u00eddic d&#8217;obligacions i contractes la regla &#8220;rebus sic stantibus&#8221;. L&#8217;an\u00e0lisi inclour\u00e0 les dades disponibles m\u00e9s significatives sobre l&#8217;impacte de la crisi derivada de la COVID-19 en els contractes privats.<\/span><\/li>\n<li><span style=\"color: #000000;\"><strong>Intervenci\u00f3 telem\u00e0tica de notaris i registradors: abans del 20 de juny de 2021<\/strong>, el Govern remetr\u00e0 a les Corts Generals un projecte de llei, havent escoltat el Consell General del Notariat i el Col\u00b7legi de Registradors d&#8217;Espanya, per habilitar la intervenci\u00f3 telem\u00e0tica notarial i registral amb l&#8217;objectiu de facilitar la prestaci\u00f3 dels serveis notarials i registrals sense necessitat de pres\u00e8ncia f\u00edsica.<\/span><\/li>\n<\/ul>\n<p><span style=\"color: #000000;\">Es poden posar en contacte amb aquest despatx professional per qualsevol dubte o aclariment que puguin tenir sobre aquest tema.<\/span><\/p>\n<hr \/>\n<p><span style=\"color: #000000;\"><strong>JDA SFAI\u00a0<\/strong><\/span><\/p>\n","protected":false},"excerpt":{"rendered":"<p>Al BOE del 19 de setembre de 2020 s&#8217;ha publicat la Llei 3\/2020, de 18 de setembre, de mesures processals i organitzatives per fer front a la COVID-19 en l&#8217;\u00e0mbit de l&#8217;Administraci\u00f3 de Just\u00edcia, que prov\u00e9 del Reial decret llei 16\/2020 que deroga, i cont\u00e9 mesures d&#8217;entre les quals destaquem les que afecten en l&#8217;\u00e0mbit<\/p>\n","protected":false},"author":50,"featured_media":17243,"comment_status":"open","ping_status":"open","sticky":false,"template":"","format":"standard","meta":{"rs_blank_template":"","rs_page_bg_color":"","slide_template_v7":"","footnotes":""},"categories":[785],"tags":[],"class_list":["post-17245","post","type-post","status-publish","format-standard","has-post-thumbnail","hentry","category-empreses"],"_links":{"self":[{"href":"https:\/\/www.jda.es\/ca\/wp-json\/wp\/v2\/posts\/17245","targetHints":{"allow":["GET"]}}],"collection":[{"href":"https:\/\/www.jda.es\/ca\/wp-json\/wp\/v2\/posts"}],"about":[{"href":"https:\/\/www.jda.es\/ca\/wp-json\/wp\/v2\/types\/post"}],"author":[{"embeddable":true,"href":"https:\/\/www.jda.es\/ca\/wp-json\/wp\/v2\/users\/50"}],"replies":[{"embeddable":true,"href":"https:\/\/www.jda.es\/ca\/wp-json\/wp\/v2\/comments?post=17245"}],"version-history":[{"count":0,"href":"https:\/\/www.jda.es\/ca\/wp-json\/wp\/v2\/posts\/17245\/revisions"}],"wp:featuredmedia":[{"embeddable":true,"href":"https:\/\/www.jda.es\/ca\/wp-json\/wp\/v2\/media\/17243"}],"wp:attachment":[{"href":"https:\/\/www.jda.es\/ca\/wp-json\/wp\/v2\/media?parent=17245"}],"wp:term":[{"taxonomy":"category","embeddable":true,"href":"https:\/\/www.jda.es\/ca\/wp-json\/wp\/v2\/categories?post=17245"},{"taxonomy":"post_tag","embeddable":true,"href":"https:\/\/www.jda.es\/ca\/wp-json\/wp\/v2\/tags?post=17245"}],"curies":[{"name":"wp","href":"https:\/\/api.w.org\/{rel}","templated":true}]}}