{"id":17140,"date":"2020-09-08T08:11:47","date_gmt":"2020-09-08T08:11:47","guid":{"rendered":"http:\/\/fwcpfcf.cluster026.hosting.ovh.net\/la-doctrina-del-retard-deslleial-en-la-reclamacio\/"},"modified":"2020-09-08T08:12:30","modified_gmt":"2020-09-08T08:12:30","slug":"la-doctrina-del-retard-deslleial-en-la-reclamacio","status":"publish","type":"post","link":"https:\/\/www.jda.es\/ca\/la-doctrina-del-retard-deslleial-en-la-reclamacio\/","title":{"rendered":"La doctrina del retard deslleial en la reclamaci\u00f3"},"content":{"rendered":"<p><span style=\"color: #000000;\">El retard deslleial en la reclamaci\u00f3 t\u00e9 origen en el concepte germ\u00e0nic Verwirkung, i consisteix a considerar contrari a la bona fe l&#8217;exercici tard\u00e0 d&#8217;un dret quan s&#8217;hagi generat en el subjecte passiu expectatives que el mateix no s&#8217;anava a exercitar.<\/span><\/p>\n<p><span style=\"color: #000000;\">Aquesta doctrina ha estat introdu\u00efda per la jurisprud\u00e8ncia, i encara que no est\u00e0 regulat de forma espec\u00edfica en el nostre ordenament jur\u00eddic, t\u00e9 la seva base i fonament en l&#8217;ab\u00fas de dret, regulat en l&#8217;article 7.2 de el Codi Civil.<\/span><\/p>\n<p><span style=\"color: #000000;\">Per apreciar el retard deslleial en la reclamaci\u00f3, el Tribunal Suprem exigeix \u200b\u200bque concorrin tres requisits, que s\u00f3n, de conformitat amb la Sent\u00e8ncia de Tribunal Suprem de 12 de desembre de 2011, els seg\u00fcents:<\/span><\/p>\n<ul>\n<li><span style=\"color: #000000;\">Lapse temporal considerable<\/span><\/li>\n<li><span style=\"color: #000000;\">Omissi\u00f3 de l&#8217;exercici de el dret<\/span><\/li>\n<li><span style=\"color: #000000;\">Generaci\u00f3 d&#8217;una confian\u00e7a raonable en la meva representada que tal demanda no anava a interposar-se.<\/span><\/li>\n<\/ul>\n<p><span style=\"color: #000000;\">Amb aquest tercer requisit, el retard deslleial es posa en relaci\u00f3 amb la doctrina d&#8217;actes propis, ja que, per a l&#8217;aplicaci\u00f3 de la primera, s&#8217;exigeix \u200b\u200bque el titular del dret dugui a terme una conducta que generi les expectatives de la contrapart sobre que aquesta reclamaci\u00f3 no va a realitzar-se.<\/span><\/p>\n<p><span style=\"color: #000000;\">A la pr\u00e0ctica, ha estat poc habitual la seva invocaci\u00f3 i argumentaci\u00f3 en els procediments judicials. No obstant aix\u00f2, com a conseq\u00fc\u00e8ncia de l&#8217;increment de la litigiositat referent a condicions generals de la contractaci\u00f3 en pr\u00e9stecs hipotecaris o altres productes financers o d&#8217;inversi\u00f3, la figura analitzada est\u00e0 cobrant vegada m\u00e9s protagonisme, i la interpretaci\u00f3 dels tribunals sol anar en diferents direccions.<\/span><\/p>\n<p><span style=\"color: #000000;\">En reiterades ocasions hem vist com es desestima l&#8217;aplicaci\u00f3 del retard deslleial amb la base que quan el lapse temporal transcorregut \u00e9s inferior al termini de prescripci\u00f3 o caducitat que comporti l&#8217;acci\u00f3 exercitada, no es pot considerar que hagi existit una conducta que generi la creen\u00e7a que no es produir\u00e0 la reclamaci\u00f3. Aquest argument, pot semblar poc fonamentat, en tant que, en primer lloc, si es sobrepassa el termini de prescripci\u00f3 o caducitat, no cal entrar en valorar si hi ha hagut un retard deslleial, a m\u00e9s que hi ha accions imprescriptibles i sense termini de caducitat . A m\u00e9s, la figura jurisprudencial pret\u00e9n ser l&#8217;excepci\u00f3 a el principi general de subsist\u00e8ncia dels drets en el temps marcat per la llei, \u00e9s per aix\u00f2 que la seva interpretaci\u00f3 ha de ser restrictiva i aplicar-se a cada cas amb cautela.<\/span><\/p>\n<p><span style=\"color: #000000;\">L&#8217;important \u00e9s valorar, en primer lloc, si el temps transcorregut entre el moment que es va poder iniciar la reclamaci\u00f3 i la presentaci\u00f3 de la demanda t\u00e9 una suficient transcend\u00e8ncia, m\u00e9s enll\u00e0 del termini de prescripci\u00f3 o caducitat de l&#8217;acci\u00f3. A m\u00e9s, \u00e9s essencial analitzar la conducta duta a terme pel reclamant durant aquest per\u00edode. No nom\u00e9s si ha consistit en l&#8217;omissi\u00f3 de la seva voluntat d&#8217;exercir el seu dret, sin\u00f3 que cal ponderar si, ja sigui de forma expressa o t\u00e0cita, s&#8217;ha consentit la situaci\u00f3 reclamada a la demanda posterior.<\/span><\/p>\n<p><span style=\"color: #000000;\">En qualsevol cas, \u00e9s evident que estem davant d&#8217;una figura complexa a efectes interpretatius i que ser\u00e0 protagonista en els procediments que cada vegada m\u00e9s abunden en els nostres tribunals.<\/span><\/p>\n<hr \/>\n<p><strong>Lluis Valls<\/strong><\/p>\n<p>Advocat JDA\/SFAI<\/p>\n","protected":false},"excerpt":{"rendered":"<p>El retard deslleial en la reclamaci\u00f3 t\u00e9 origen en el concepte germ\u00e0nic Verwirkung, i consisteix a considerar contrari a la bona fe l&#8217;exercici tard\u00e0 d&#8217;un dret quan s&#8217;hagi generat en el subjecte passiu expectatives que el mateix no s&#8217;anava a exercitar. Aquesta doctrina ha estat introdu\u00efda per la jurisprud\u00e8ncia, i encara que no est\u00e0 regulat<\/p>\n","protected":false},"author":50,"featured_media":17137,"comment_status":"open","ping_status":"open","sticky":false,"template":"","format":"standard","meta":{"rs_blank_template":"","rs_page_bg_color":"","slide_template_v7":"","footnotes":""},"categories":[766],"tags":[],"class_list":["post-17140","post","type-post","status-publish","format-standard","has-post-thumbnail","hentry","category-legal-ca"],"_links":{"self":[{"href":"https:\/\/www.jda.es\/ca\/wp-json\/wp\/v2\/posts\/17140","targetHints":{"allow":["GET"]}}],"collection":[{"href":"https:\/\/www.jda.es\/ca\/wp-json\/wp\/v2\/posts"}],"about":[{"href":"https:\/\/www.jda.es\/ca\/wp-json\/wp\/v2\/types\/post"}],"author":[{"embeddable":true,"href":"https:\/\/www.jda.es\/ca\/wp-json\/wp\/v2\/users\/50"}],"replies":[{"embeddable":true,"href":"https:\/\/www.jda.es\/ca\/wp-json\/wp\/v2\/comments?post=17140"}],"version-history":[{"count":0,"href":"https:\/\/www.jda.es\/ca\/wp-json\/wp\/v2\/posts\/17140\/revisions"}],"wp:featuredmedia":[{"embeddable":true,"href":"https:\/\/www.jda.es\/ca\/wp-json\/wp\/v2\/media\/17137"}],"wp:attachment":[{"href":"https:\/\/www.jda.es\/ca\/wp-json\/wp\/v2\/media?parent=17140"}],"wp:term":[{"taxonomy":"category","embeddable":true,"href":"https:\/\/www.jda.es\/ca\/wp-json\/wp\/v2\/categories?post=17140"},{"taxonomy":"post_tag","embeddable":true,"href":"https:\/\/www.jda.es\/ca\/wp-json\/wp\/v2\/tags?post=17140"}],"curies":[{"name":"wp","href":"https:\/\/api.w.org\/{rel}","templated":true}]}}