{"id":17105,"date":"2020-09-03T11:26:07","date_gmt":"2020-09-03T11:26:07","guid":{"rendered":"http:\/\/fwcpfcf.cluster026.hosting.ovh.net\/covid-19-ha-comunicat-a-hisenda-les-variacions-de-limpost-sobre-activitats-economiques-iae\/"},"modified":"2020-09-03T11:27:23","modified_gmt":"2020-09-03T11:27:23","slug":"covid-19-ha-comunicat-a-hisenda-les-variacions-de-limpost-sobre-activitats-economiques-iae","status":"publish","type":"post","link":"https:\/\/www.jda.es\/ca\/covid-19-ha-comunicat-a-hisenda-les-variacions-de-limpost-sobre-activitats-economiques-iae\/","title":{"rendered":"COVID-19. Ha comunicat a Hisenda les variacions de l&#8217;impost sobre activitats econ\u00f2miques (IAE)?"},"content":{"rendered":"<p><span style=\"color: #000000;\">A causa de la crisi per COVID-19, \u00e9s possible que la seva empresa hagi hagut de reduir la superf\u00edcie de la seva activitat (prescindint de locals), deixar maquin\u00e0ria inactiva o fins i tot cessar en alguna activitat. Informi\u2019n a Hisenda i redueixi la quota del seu IAE.<\/span><\/p>\n<p><span style=\"color: #000000;\">A causa de la crisi COVID-19, \u00e9s possible que la seva empresa hagi hagut de reduir la superf\u00edcie de la seva activitat (prescindint de locals), deixar maquin\u00e0ria inactiva o fins i tot cessar en alguna activitat. Informi&#8217;n a Hisenda i redueixi la quota del seu IAE.<\/span><\/p>\n<p><span style=\"color: #000000;\">La seva empresa <strong>factura m\u00e9s d&#8217;un mili\u00f3 d&#8217;euros a l&#8217;any<\/strong>, per la qual cosa ha de tributar per IAE. Doncs b\u00e9, si, a conseq\u00fc\u00e8ncia de la crisi sanit\u00e0ria, s&#8217;ha redu\u00eft algun dels elements tributaris que determinen l&#8217;impost a pagar (pot\u00e8ncia de la maquin\u00e0ria, aforament, superf\u00edcie, etc.), comuniqui-ho a Hisenda i redueixi la quota de l&#8217;IAE.<\/span><\/p>\n<p><span style=\"color: #000000;\">Li recordem que les empreses donades d&#8217;alta i obligades al pagament de l&#8217;IAE han de verificar si hi ha algun canvi de circumst\u00e0ncies que suposin un augment o disminuci\u00f3 de la quota a pagar.\u00a0<\/span><\/p>\n<p><span style=\"color: #000000;\"><strong>Atenci\u00f3.<\/strong> Recordi que no han de satisfer l&#8217;IAE ni les persones f\u00edsiques ni les societats que facturen menys d&#8217;un mili\u00f3 d&#8217;euros. Tampoc han de liquidar-lo les societats durant els dos primers exercicis d&#8217;activitat.<\/span><\/p>\n<p><span style=\"color: #000000;\">Les empreses obligades al pagament de l&#8217;IAE perqu\u00e8 no n&#8217;estan exemptes han de comunicar a Hisenda les variacions en els elements tributaris que configuren l&#8217;impost (superf\u00edcie, pot\u00e8ncia el\u00e8ctrica instal\u00b7lada, nombre de vehicles per a les activitats de transport, empleats, etc.). Si algun d&#8217;aquests elements augmenta en m\u00e9s d&#8217;un 20%, s&#8217;ha de comunicar la variaci\u00f3, perqu\u00e8 es tingui en compte en la liquidaci\u00f3 de l&#8217;exercici seg\u00fcent.<\/span><\/p>\n<p><span style=\"color: #000000;\">Si algun d&#8217;aquests elements es redueix, tamb\u00e9 es pot comunicar la variaci\u00f3, perqu\u00e8 es redueixi la quota a partir de l&#8217;exercici seg\u00fcent. En aquest cas no \u00e9s necessari que la variaci\u00f3 assoleixi el 20%; es pot comunicar fins per un percentatge inferior.<\/span><\/p>\n<p><span style=\"color: #000000;\"><strong>Atenci\u00f3.<\/strong> S&#8217;ha de tenir en compte que les oscil\u00b7lacions en m\u00e9s o en menys no superiors al 20% dels elements tributaris no es consideren variacions i per tant no alteren l&#8217;import de les quotes.<\/span><\/p>\n<p><span style=\"color: #000000;\"><strong>Termini<\/strong><\/span><\/p>\n<p><span style=\"color: #000000;\">Ser\u00e0 necessari comunicar els canvis (mitjan\u00e7ant el model 840) en el termini d&#8217;un mes a comptar des de la data en la qual es va produir la circumst\u00e0ncia que va motivar la variaci\u00f3. Els canvis tindran efecte per al seg\u00fcent exercici.<\/span><\/p>\n<p><span style=\"color: #000000;\">Si la variaci\u00f3 \u00e9s a la baixa i no l&#8217;ha comunicat en el termini indicat, tamb\u00e9 pot realitzar-la m\u00e9s tard. En aquest cas, la reducci\u00f3 s&#8217;aplicar\u00e0 en la quota de l&#8217;any seg\u00fcent al qual s&#8217;efectu\u00ef la comunicaci\u00f3. Aix\u00ed doncs, presenti el model 840 abans de final d&#8217;any, perqu\u00e8 la quota de l&#8217;IAE sigui ja m\u00e9s baixa en 2021.<\/span><\/p>\n<p><span style=\"color: #000000;\"><strong>Cessament d&#8217;activitat. Devolucions<\/strong><\/span><\/p>\n<p><span style=\"color: #000000;\">Tamb\u00e9 pot succeir que, a causa de la crisi, la seva empresa s&#8217;hagi vist obligada a cessar en la realitzaci\u00f3 d&#8217;alguna activitat. Doncs b\u00e9, en aquest cas comuniqui aquesta baixa a Hisenda en el termini d&#8217;un mes des del cessament.\u00a0 Fet aix\u00f2, podr\u00e0 sol\u00b7licitar per escrit la devoluci\u00f3 de la part de la quota de l&#8217;IAE proporcional a aquells <em>trimestres complets<\/em> en els quals la seva empresa ja no exerceixi l&#8217;activitat.<\/span><\/p>\n<p><span style=\"color: #000000;\">Es poden posar en contacte amb aquest despatx professional per qualsevol dubte o aclariment que puguin tenir sobre aquest tema.<\/span><\/p>\n<hr \/>\n<p><span style=\"color: #000000;\"><strong>JDA\/SFAI<\/strong><\/span><\/p>\n","protected":false},"excerpt":{"rendered":"<p>A causa de la crisi per COVID-19, \u00e9s possible que la seva empresa hagi hagut de reduir la superf\u00edcie de la seva activitat (prescindint de locals), deixar maquin\u00e0ria inactiva o fins i tot cessar en alguna activitat. Informi\u2019n a Hisenda i redueixi la quota del seu IAE. A causa de la crisi COVID-19, \u00e9s possible<\/p>\n","protected":false},"author":50,"featured_media":17103,"comment_status":"open","ping_status":"open","sticky":false,"template":"","format":"standard","meta":{"rs_blank_template":"","rs_page_bg_color":"","slide_template_v7":"","footnotes":""},"categories":[791],"tags":[],"class_list":["post-17105","post","type-post","status-publish","format-standard","has-post-thumbnail","hentry","category-fiscal-ca"],"_links":{"self":[{"href":"https:\/\/www.jda.es\/ca\/wp-json\/wp\/v2\/posts\/17105","targetHints":{"allow":["GET"]}}],"collection":[{"href":"https:\/\/www.jda.es\/ca\/wp-json\/wp\/v2\/posts"}],"about":[{"href":"https:\/\/www.jda.es\/ca\/wp-json\/wp\/v2\/types\/post"}],"author":[{"embeddable":true,"href":"https:\/\/www.jda.es\/ca\/wp-json\/wp\/v2\/users\/50"}],"replies":[{"embeddable":true,"href":"https:\/\/www.jda.es\/ca\/wp-json\/wp\/v2\/comments?post=17105"}],"version-history":[{"count":0,"href":"https:\/\/www.jda.es\/ca\/wp-json\/wp\/v2\/posts\/17105\/revisions"}],"wp:featuredmedia":[{"embeddable":true,"href":"https:\/\/www.jda.es\/ca\/wp-json\/wp\/v2\/media\/17103"}],"wp:attachment":[{"href":"https:\/\/www.jda.es\/ca\/wp-json\/wp\/v2\/media?parent=17105"}],"wp:term":[{"taxonomy":"category","embeddable":true,"href":"https:\/\/www.jda.es\/ca\/wp-json\/wp\/v2\/categories?post=17105"},{"taxonomy":"post_tag","embeddable":true,"href":"https:\/\/www.jda.es\/ca\/wp-json\/wp\/v2\/tags?post=17105"}],"curies":[{"name":"wp","href":"https:\/\/api.w.org\/{rel}","templated":true}]}}