{"id":17093,"date":"2020-09-02T15:00:51","date_gmt":"2020-09-02T15:00:51","guid":{"rendered":"http:\/\/fwcpfcf.cluster026.hosting.ovh.net\/la-app-radar-covid-i-la-proteccio-de-dades-personals\/"},"modified":"2020-09-02T15:04:23","modified_gmt":"2020-09-02T15:04:23","slug":"la-app-radar-covid-i-la-proteccio-de-dades-personals","status":"publish","type":"post","link":"https:\/\/www.jda.es\/ca\/la-app-radar-covid-i-la-proteccio-de-dades-personals\/","title":{"rendered":"La APP &#8220;Radar Covid&#8221; i la protecci\u00f3 de dades personals"},"content":{"rendered":"<p><span style=\"color: #000000;\">El Govern d&#8217;Espanya ha anunciat el llan\u00e7ament de l&#8217;App Radar COVID per al proper 15 de setembre amb la\u00a0 finalitat de rastrejar les cadenes de contactes i possibles contagis com a mesura per fer front a la pand\u00e8mia. Aquestes aplicacions ja han estat implementades i estan en funcionament a diferents pa\u00efsos europeus des de el passat mes de juny. M\u00e9s enll\u00e0 d&#8217;algunes cr\u00edtiques referents a la instauraci\u00f3 tardana d\u2019aquesta eina, especialment tenint en compte que l\u2019increment de turisme dels mesos anteriors; la veritat \u00e9s que hi ha una gran preocupaci\u00f3 referent al funcionament d&#8217;aquestes aplicacions, les dades que emmagatzema, i a qui es transmet aquesta informaci\u00f3. Tamb\u00e9 hi ha la creen\u00e7a que l&#8217;element clau per a realitzar el rastreig \u00e9s la geolocalitzaci\u00f3 de l&#8217;usuari, i que aquesta informaci\u00f3 pot ser utilitzada per a altres finalitats de control.<\/span><\/p>\n<p><span style=\"color: #000000;\">Aquesta aplicaci\u00f3 no requereix dades personals ni permisos de localitzaci\u00f3, ja que el seu funcionament est\u00e0 basat en l&#8217;\u00fas de la connexi\u00f3 Bluetooth que han de tenir activats els dispositius m\u00f2bils. Quan dues persones que la tenen descarregada passen m\u00e9s de 15 minuts junts a menys de 1,5 metres de dist\u00e0ncia, els dos dispositius intercanvien unes claus, elaborant aix\u00ed un registre anonimitzat a qu\u00e8 el mateix usuari tampoc pot accedir ni desxifrar.<\/span><\/p>\n<p><span style=\"color: #000000;\">Radar Covid ser\u00e0 de codi obert, per\u00f2 de moment no \u00e9s possible revisar-lo. Un codi que \u00e9s alliberat en obert permet poder ser auditat i revisat per tercers, garantint aix\u00ed la seva fiabilitat i transpar\u00e8ncia. Aquesta aplicaci\u00f3 es va implementar com a prova pilot a Can\u00e0ries durant els mesos de juny i juliol. L&#8217;Ag\u00e8ncia Espanyola de Protecci\u00f3 de Dades va lamentar en el seu comunicat de data 23 de juny que l&#8217;eina s&#8217;havia desenvolupat sense la seva participaci\u00f3, a excepci\u00f3 d&#8217;un procediment d&#8217;actuacions d&#8217;investigaci\u00f3 iniciat el 21 de maig i que no havia estat concl\u00f2s. Tamb\u00e9 van aprofitar per recordar en aquest comunicat que el responsable del tractament, \u00e9s a dir, el Govern, ha de tenir en compte la protecci\u00f3 de dades des del disseny de el projecte.<\/span><\/p>\n<p><span style=\"color: #000000;\">Alguns experts consideren que ha de dur-se a terme una Avaluaci\u00f3 d&#8217;Impacte relativa a la protecci\u00f3 de dades abans de comen\u00e7ar a utilitzar una aplicaci\u00f3 ja que el tractament de dades de car\u00e0cter especial a gran escala pot comportar un alt risc. No obstant aix\u00f2, segons les informacions facilitades per les fonts governamentals asseguren que no existeix tal tractament pel que fa tota la informaci\u00f3 est\u00e0 anonimitzada, i \u00fanicament es pot accedir als registres de rastreig per part de les autoritats sanit\u00e0ries.<\/span><\/p>\n<p><span style=\"color: #000000;\">A tall de conclusi\u00f3, podem afirmar que, tot i que ha existit una manca de transpar\u00e8ncia, l&#8217;app Radar Covid no incompliria amb la normativa aplicable en mat\u00e8ria de protecci\u00f3 de dades en tant que, segons les informacions rebudes, ni tan sols es pot considerar que s&#8217;estigui fent un tractament de dades de car\u00e0cter personal.<\/span><\/p>\n<p><span style=\"color: #000000;\">De tota manera, perqu\u00e8 l&#8217;\u00fas de l&#8217;aplicatiu sigui efectiu \u00e9s fonamental que els ciutadans utilitzin aquesta eina, cosa que no est\u00e0 a l&#8217;abast de tots. A It\u00e0lia a finals de juliol nom\u00e9s el 8% de la poblaci\u00f3 s&#8217;havia descarregat l&#8217;aplicaci\u00f3.<\/span><\/p>\n<p><span style=\"color: #000000;\">Resulta evident que davant la pand\u00e8mia que est\u00e0 patint el m\u00f3n sencer cal que els governs desenvolupin tots els seus recursos efectius, inclosos els que s&#8217;estiguin basats en les noves tecnologies, per\u00f2 aix\u00f2 ha d&#8217;anar acompanyat d&#8217;un compliment de la normativa aplicable aix\u00ed com de la m\u00e0xima transpar\u00e8ncia possible, precisament per garantir els drets del ciutad\u00e0.\u00a0<\/span><\/p>\n<hr \/>\n<p><span style=\"color: #000000;\"><strong>Llu\u00eds Valls<\/strong><\/span><\/p>\n<p><span style=\"color: #000000;\">Advocat JDA\/SFAI<\/span><\/p>\n","protected":false},"excerpt":{"rendered":"<p>El Govern d&#8217;Espanya ha anunciat el llan\u00e7ament de l&#8217;App Radar COVID per al proper 15 de setembre amb la\u00a0 finalitat de rastrejar les cadenes de contactes i possibles contagis com a mesura per fer front a la pand\u00e8mia. Aquestes aplicacions ja han estat implementades i estan en funcionament a diferents pa\u00efsos europeus des de el<\/p>\n","protected":false},"author":50,"featured_media":17085,"comment_status":"open","ping_status":"open","sticky":false,"template":"","format":"standard","meta":{"rs_blank_template":"","rs_page_bg_color":"","slide_template_v7":"","footnotes":""},"categories":[766],"tags":[],"class_list":["post-17093","post","type-post","status-publish","format-standard","has-post-thumbnail","hentry","category-legal-ca"],"_links":{"self":[{"href":"https:\/\/www.jda.es\/ca\/wp-json\/wp\/v2\/posts\/17093","targetHints":{"allow":["GET"]}}],"collection":[{"href":"https:\/\/www.jda.es\/ca\/wp-json\/wp\/v2\/posts"}],"about":[{"href":"https:\/\/www.jda.es\/ca\/wp-json\/wp\/v2\/types\/post"}],"author":[{"embeddable":true,"href":"https:\/\/www.jda.es\/ca\/wp-json\/wp\/v2\/users\/50"}],"replies":[{"embeddable":true,"href":"https:\/\/www.jda.es\/ca\/wp-json\/wp\/v2\/comments?post=17093"}],"version-history":[{"count":0,"href":"https:\/\/www.jda.es\/ca\/wp-json\/wp\/v2\/posts\/17093\/revisions"}],"wp:featuredmedia":[{"embeddable":true,"href":"https:\/\/www.jda.es\/ca\/wp-json\/wp\/v2\/media\/17085"}],"wp:attachment":[{"href":"https:\/\/www.jda.es\/ca\/wp-json\/wp\/v2\/media?parent=17093"}],"wp:term":[{"taxonomy":"category","embeddable":true,"href":"https:\/\/www.jda.es\/ca\/wp-json\/wp\/v2\/categories?post=17093"},{"taxonomy":"post_tag","embeddable":true,"href":"https:\/\/www.jda.es\/ca\/wp-json\/wp\/v2\/tags?post=17093"}],"curies":[{"name":"wp","href":"https:\/\/api.w.org\/{rel}","templated":true}]}}