{"id":16898,"date":"2020-06-30T08:54:57","date_gmt":"2020-06-30T08:54:57","guid":{"rendered":"http:\/\/fwcpfcf.cluster026.hosting.ovh.net\/?p=16898"},"modified":"2020-06-30T08:54:57","modified_gmt":"2020-06-30T08:54:57","slug":"impost-dactivitats-economiques-procedeix-una-reduccio","status":"publish","type":"post","link":"https:\/\/www.jda.es\/ca\/impost-dactivitats-economiques-procedeix-una-reduccio\/","title":{"rendered":"Impost d&#8217;Activitats Econ\u00f2miques. Procedeix una reducci\u00f3?"},"content":{"rendered":"<p>El nostre pa\u00eds, i el m\u00f3n en general, ha atrevesado una de les crisis sanit\u00e0ries m\u00e9s importants en l&#8217;\u00faltim segle. Aix\u00f2 ha provocat un fort enfonsament de l&#8217;economia. Els diferents governs, per combatre la crisi estan posant en marxa diferents mecanismes d&#8217;ajuda a la societat en general. Les empreses que s\u00f3n l&#8217;actiu m\u00e9s preuat, a Espanya, estan rebent molt poques ajudes.<\/p>\n<p>Les autoritats espanyoles han perm\u00e8s ajornar el pagament d&#8217;impostos, per\u00f2 per pocs mesos, han posat en marxa avals a cr\u00e8dits que s&#8217;hauran de tornar, per\u00f2 poc m\u00e9s. No s&#8217;han modificat ni els terminis, ni els tipus dels diferents impostos que graven a l&#8217;empresa. Existeix, en el nostre ordenament jur\u00eddic un impost que grava les activitats pel sol fet que s&#8217;exerceixi una activitat. Aquest \u00e9s <strong>l&#8217;IAE.<\/strong><\/p>\n<p><strong>L&#8217;IAE o Impost d&#8217;Activitats Econ\u00f2miques<\/strong> \u00e9s un impost que grava la realitzaci\u00f3 de qualsevol tipus d&#8217;activitat econ\u00f2mica, tant a persones f\u00edsiques com jur\u00eddiques. A difer\u00e8ncia d&#8217;altres impostos, el seu import \u00e9s constant independentment del balan\u00e7 de l&#8217;activitat. \u00c9s un impost directe, obligatori, proporcional, real i de gesti\u00f3 compartida. Est\u00e0 gestionat pels ajuntaments.<\/p>\n<p>L&#8217;impost es cobra\u00a0el primer dia del per\u00edode impositiu, sent aquest per\u00edode coincident amb l&#8217;any natural. Per aquest motiu, <strong>les companyies ja van reportar el passat 1 de gener el Impost d&#8217;Activitats Econ\u00f2miques<\/strong> per a la totalitat de l&#8217;exercici 2020. L&#8217;aprovaci\u00f3 de l&#8217;Estat d&#8217;Alarma amb el RD 463\/2020 de 14 de mar\u00e7, que obligava a la paralitzaci\u00f3 d&#8217;un gran nombre d&#8217;activitats econ\u00f2miques i veient incrementat de manera posterior amb el RD-Llei 10\/2020, de 29 de mar\u00e7, moltes de les companyies es veuen, o s&#8217;han vist obligades, a aturar la seva activitat. \u00c9s per aix\u00f2 que caldria revisar si realment es produeix el fet imposable que grava l&#8217;impost que no \u00e9s altre que &#8220;el mer exercici, en territori nacional, d&#8217;activitats empresarials, professionals o art\u00edstiques, s&#8217;exerceixin o no en local determinat &#8230;&#8221;, entenent &#8220;activitat&#8221; com aquella que &#8220;s&#8217;exerceix amb car\u00e0cter empresarial, professional o art\u00edstic, quan suposi l&#8217;ordenaci\u00f3 per compte propi de mitjans de producci\u00f3 i de recursos humans o d&#8217;un d&#8217;ambd\u00f3s, amb la finalitat d&#8217;intervenir en la producci\u00f3 o distribuci\u00f3 de b\u00e9ns o serveis. &#8221;<\/p>\n<p>A aquests efectes cal destacar que, tot i la inexist\u00e8ncia d&#8217;antecedents similars a la situaci\u00f3 que actualment est\u00e0 vivint el nostre pa\u00eds, la mateixa norma i, en concret, la Regla 14\u00aa de la Instrucci\u00f3 de l&#8217;Impost d&#8217;Activitats Econ\u00f2miques (Reial Decret Legislatiu 1175 \/ 1990, de 28 de setembre), pel qual s&#8217;aproven les tarifes i la instrucci\u00f3 de l&#8217;Impost sobre Activitats Econ\u00f2miques, preveu una rebaixa proporcional de la quota d&#8217;aquest impost davant determinats sup\u00f2sits de paralitzaci\u00f3 de l&#8217;activitat industrial per temps superior a 30 dies, en funci\u00f3 de el per\u00edode en qu\u00e8 la ind\u00fastria hagi deixat de funcionar.<\/p>\n<p><strong>Entenem, per tant, que procedeix, en la majoria dels casos, una rebaixa proporcional, si no una exempci\u00f3 total per a l&#8217;exercici de 2020<\/strong>.En un moment on el m\u00e9s important \u00e9s que les empreses reprenguin les seves activitats, es mant\u00e9 un impost sobre aquestes activitats. \u00c9s molt incoherent.Per\u00f2 la falta de sensibilitat de les administracions est\u00e0 sent molt significativa. Excepte error, cap administraci\u00f3, ha optat d&#8217;ofici, a exonerar aquest impost el 2020, ni tan sols, d&#8217;ofici, ha practicat la reducci\u00f3 prevista en la seva normativa.<\/p>\n<p>&nbsp;<\/p>\n<p>Joan D\u00edaz<\/p>\n<p>Director General JDA\/SFAI<\/p>\n<p>&nbsp;<\/p>\n","protected":false},"excerpt":{"rendered":"<p>El nostre pa\u00eds, i el m\u00f3n en general, ha atrevesado una de les crisis sanit\u00e0ries m\u00e9s importants en l&#8217;\u00faltim segle. Aix\u00f2 ha provocat un fort enfonsament de l&#8217;economia. Els diferents governs, per combatre la crisi estan posant en marxa diferents mecanismes d&#8217;ajuda a la societat en general. Les empreses que s\u00f3n l&#8217;actiu m\u00e9s preuat, a<\/p>\n","protected":false},"author":50,"featured_media":16895,"comment_status":"open","ping_status":"open","sticky":false,"template":"","format":"standard","meta":{"rs_blank_template":"","rs_page_bg_color":"","slide_template_v7":"","footnotes":""},"categories":[785,791,766,730],"tags":[],"class_list":["post-16898","post","type-post","status-publish","format-standard","has-post-thumbnail","hentry","category-empreses","category-fiscal-ca","category-legal-ca","category-uncategorized-ca"],"_links":{"self":[{"href":"https:\/\/www.jda.es\/ca\/wp-json\/wp\/v2\/posts\/16898","targetHints":{"allow":["GET"]}}],"collection":[{"href":"https:\/\/www.jda.es\/ca\/wp-json\/wp\/v2\/posts"}],"about":[{"href":"https:\/\/www.jda.es\/ca\/wp-json\/wp\/v2\/types\/post"}],"author":[{"embeddable":true,"href":"https:\/\/www.jda.es\/ca\/wp-json\/wp\/v2\/users\/50"}],"replies":[{"embeddable":true,"href":"https:\/\/www.jda.es\/ca\/wp-json\/wp\/v2\/comments?post=16898"}],"version-history":[{"count":0,"href":"https:\/\/www.jda.es\/ca\/wp-json\/wp\/v2\/posts\/16898\/revisions"}],"wp:featuredmedia":[{"embeddable":true,"href":"https:\/\/www.jda.es\/ca\/wp-json\/wp\/v2\/media\/16895"}],"wp:attachment":[{"href":"https:\/\/www.jda.es\/ca\/wp-json\/wp\/v2\/media?parent=16898"}],"wp:term":[{"taxonomy":"category","embeddable":true,"href":"https:\/\/www.jda.es\/ca\/wp-json\/wp\/v2\/categories?post=16898"},{"taxonomy":"post_tag","embeddable":true,"href":"https:\/\/www.jda.es\/ca\/wp-json\/wp\/v2\/tags?post=16898"}],"curies":[{"name":"wp","href":"https:\/\/api.w.org\/{rel}","templated":true}]}}