{"id":16766,"date":"2020-06-01T15:42:16","date_gmt":"2020-06-01T15:42:16","guid":{"rendered":"http:\/\/fwcpfcf.cluster026.hosting.ovh.net\/?p=16766"},"modified":"2020-06-01T15:42:16","modified_gmt":"2020-06-01T15:42:16","slug":"conveni-pel-pagament-aticipat-de-prestacions-datur","status":"publish","type":"post","link":"https:\/\/www.jda.es\/ca\/conveni-pel-pagament-aticipat-de-prestacions-datur\/","title":{"rendered":"Conveni pel pagament aticipat de prestacions d&#8217;atur"},"content":{"rendered":"<p>Al BOE de l&#8217;21 de maig de 2020, es van publicar tres convenis subscrits entre el Ministeri de Treball i Economia Social i el Servei P\u00fablic d&#8217;Ocupaci\u00f3 Estatal, d&#8217;una banda, i d&#8217;una altra, respectivament, la Confederaci\u00f3 Espanyola de Caixes d&#8217;Estalvi ( CECA), l&#8217;Associaci\u00f3 Espanyola de Banca i la Uni\u00f3 Nacional de Cooperatives de Cr\u00e8dit.<\/p>\n<p>La finalitat d&#8217;aquests convenis \u00e9s establir la forma i condicions per a la instrumentaci\u00f3 de bestretes de prestacions per atur pr\u00e8viament reconegudes pel Servei P\u00fablic d&#8217;Ocupaci\u00f3 Estatal, en compliment del que disposa l&#8217;article 39.2 de Reial decret llei 8\/2020, de 17 de mar\u00e7, de mesures urgents extraordin\u00e0ries per fer front a l&#8217;impacte econ\u00f2mic i social de l&#8217;COVID-19.<\/p>\n<p>&nbsp;<\/p>\n<p><strong>Objecte\u00a0<\/strong><\/p>\n<p>Els convenis subscrits tenen per objecte establir la forma i condicions en qu\u00e8 es desenvolupar\u00e0 la col\u00b7laboraci\u00f3 entre el MTES, el SEPE i les entitats associades a CECA, a l&#8217;Associaci\u00f3 Espanyola de la Banca o a la Uni\u00f3 Nacional de Cooperatives de Cr\u00e8dit que s&#8217;adhereixin a ells per a la instrumentaci\u00f3 de bestretes a favor de les persones que tinguessin una prestaci\u00f3 reconeguda pel SEPE, als efectes que puguin gaudir de l&#8217;import de la prestaci\u00f3 amb anterioritat a la seva data de pagament efectiu pel SEPE.<\/p>\n<p>S&#8217;acorda per tant la bestreta per part de l&#8217;entitat adherida de l&#8217;import total o parcial de la prestaci\u00f3 per desocupaci\u00f3 meritada en els termes i condicions que s&#8217;estableixen amb anterioritat a rebre els fons procedents del SEPE a trav\u00e9s dels acords realitzats amb la TGSS per aquesta finalitat.<\/p>\n<p>La finalitat dels convenis \u00e9s facilitar la instrumentaci\u00f3 de possibles bestretes d&#8217;acord amb els criteris i requisits que estableix, sense que en cap cas es pugui generar un dret enfront de l&#8217;SEPE per reclamar aquests avan\u00e7aments, sense perjudici de l&#8217;obligaci\u00f3 del SEPE d&#8217;abonar les quantitats que corresponguin a l&#8217;entitat adherida a trav\u00e9s del circuit financer de la TGSS corresponents al pagament ordinari de la n\u00f2mina d&#8217;atur en els termes descrits en l&#8217;apartat quart de l&#8217;exposici\u00f3 d&#8217;aquest Conveni. A m\u00e9s, no suposen la prestaci\u00f3 de consentiment o la presa de coneixement a possibles cessions futures de drets de cobrament.<\/p>\n<p><strong>\u00a0Beneficiaris<\/strong><\/p>\n<p>Podran ser beneficiaris de les bestretes considerats en el present Conveni les persones a les que se&#8217;ls reconegui una prestaci\u00f3 o subsidi per atur des del 1 de maig (inclosos), amb efectes econ\u00f2mics entre el 14 de mar\u00e7 de 2020 i la data de fi de vig\u00e8ncia d&#8217;aquest Conveni, sempre que la gesti\u00f3 de la prestaci\u00f3 o subsidi sigui compet\u00e8ncia de l&#8217;SEPE. Cada persona benefici\u00e0ria nom\u00e9s podr\u00e0 accedir a la bestreta regulat en el present Conveni una sola vegada, coincidint amb l&#8217;abonament de la primera mensualitat de prestaci\u00f3 per desocupaci\u00f3 o subsidi a qu\u00e8 tingu\u00e9s dret despr\u00e9s de la sol\u00b7licitud de la bestreta.<\/p>\n<p>Les persones benefici\u00e0ries d&#8217;aquestes bestretes no podran modificar el compte bancari d&#8217;abonament de la prestaci\u00f3 per part del SEPE, fins que es produeixi la compensaci\u00f3 de la bestreta rebuda.<\/p>\n<p>&nbsp;<\/p>\n<p><strong>Avan\u00e7ament<\/strong><\/p>\n<p>L&#8217;import m\u00e0xim de la bestreta ser\u00e0 equivalent a la quantia di\u00e0ria que es recull en la resoluci\u00f3 d&#8217;aprovaci\u00f3 de la respectiva prestaci\u00f3 o subsidi per desocupaci\u00f3 multiplicada pel nombre de dies existent des de la data d&#8217;inici de meritaci\u00f3 que consta a l&#8217;esmentada resoluci\u00f3 fins a l&#8217;\u00faltim dia del mes anterior a el mes en qu\u00e8 s&#8217;aprova aquesta resoluci\u00f3.<\/p>\n<p>A aquests efectes, s&#8217;ha de tenir en compte que les mensualitats es consideren de trenta dies en tot cas. L&#8217;entitat adherida compensar\u00e0 l&#8217;import anticipat de l&#8217;abonament un cop que s&#8217;hagi produ\u00eft el pagament de les prestacions o subsidis a trav\u00e9s del circuit financer per la TGSS, aplicant si \u00e9s el cas les condicions espec\u00edfiques que es poguessin haver acordat.<\/p>\n<p>&nbsp;<\/p>\n<p><strong>Obligacions de les parts<\/strong><\/p>\n<p>Les entitats financeres s&#8217;obliguen a:<\/p>\n<ul>\n<li>Realitzar l&#8217;estudi de la possible concessi\u00f3 de la bestreta de tots els sol\u00b7licitants, supeditat a la seva aprovaci\u00f3 conforme als seus criteris interns aplicables, podr\u00e0 concedir o denegar lliurement les operacions per l&#8217;entitat adherida aplicant aquests criteris interns, i sense que siguin revisables per l&#8217;Administraci\u00f3.<\/li>\n<li>Notificar al SEPE, en l&#8217;\u00e0mbit dels acords de la Comissi\u00f3 de seguiment, les bestretes realitzats a l&#8217;empara de el present Conveni, a efectes merament estad\u00edstics.<\/li>\n<\/ul>\n<p>&nbsp;<\/p>\n<p>El SEPE, per la seva banda, s&#8217;obliga a posar a disposici\u00f3 de l&#8217;entitat adherida, la informaci\u00f3 relativa a les prestacions i subsidis reconeguts amb data d&#8217;inici del pagament posterior al 14 de mar\u00e7 de 2020, de persones que tinguessin el cobrament domiciliat a la respectiva entitat financera. La informaci\u00f3 remesa inclour\u00e0 les variacions que l&#8217;empresa hagi pogut comunicar abans de la data de l&#8217;enviament de la informaci\u00f3, als efectes de garantir la correcta concessi\u00f3 dels respectius bestretes.<\/p>\n<p>Aquesta informaci\u00f3 es facilitar\u00e0 especificant: NIF, nom i cognoms, import, n\u00fam. de dies, codi de compte corrent IBAN Comissi\u00f3 de<\/p>\n<p>&nbsp;<\/p>\n<p><strong>Seguiment<\/strong><\/p>\n<p>Es crea una Comissi\u00f3 Mixta de Seguiment, instrument paritari acordat per les parts per al seguiment, vigil\u00e0ncia i control del Conveni i dels compromisos adquirits pels signants, el qual exercir\u00e0 les seves funcions d&#8217;acord amb el que estableixen els articles 51.2.c) i 52.3 de la Llei 40\/2015, d&#8217;1 d&#8217;octubre, de r\u00e8gim jur\u00eddic del Sector P\u00fablic.<\/p>\n<p>Aquesta Comissi\u00f3 vetllar\u00e0 pel compliment dels Convenis, aix\u00ed com dels compromisos adquirits pels signants i resoldr\u00e0, si s&#8217;escau, les q\u00fcestions d&#8217;interpretaci\u00f3 i possibles discrep\u00e0ncies que puguin presentar-se en l&#8217;execuci\u00f3 i desenvolupament dels mateixos. Les seves decisions s&#8217;adoptaran per unanimitat.<\/p>\n<p>&nbsp;<\/p>\n<p><strong>Protecci\u00f3 de dades i confidencialitat<\/strong><\/p>\n<p>Les parts es comprometen a no difondre, sense autoritzaci\u00f3 de l&#8217;altra part, informacions a qu\u00e8 hagin tingut acc\u00e9s en el desenvolupament d&#8217;aquests convenis, i ha de estendre aquesta obligaci\u00f3 a totes les persones que intervinguin o col\u00b7laborin en la realitzaci\u00f3 i el desenvolupament del que estableixen.<\/p>\n<p>A m\u00e9s, se sotmeten a la Llei Org\u00e0nica 3\/2018, de 5 de desembre, de Protecci\u00f3 de Dades Personals i garantia dels drets digitals, i a la resta de normativa vigent en mat\u00e8ria de protecci\u00f3 de dades personals en tots els sup\u00f2sits en qu\u00e8 pugui donar-se tractament, cessi\u00f3 o comunicaci\u00f3 de dades, entre les parts o a un tercer, en execuci\u00f3 del que disposa aquest Conveni.<\/p>\n<p>&nbsp;<\/p>\n<p><strong>Vig\u00e8ncia i modificaci\u00f3 dels convenis<\/strong><\/p>\n<p>Els convenis subscrits estendran la seva vig\u00e8ncia durant el termini de tres mesos des de la data prorrogables per un mateix per\u00edode l&#8217;acord previ de la Comissi\u00f3 de seguiment del Conveni. Aquests convenis podran ser modificats per acord un\u00e0nime de les parts, el qual es formalitzar\u00e0 mitjan\u00e7ant addenda, d&#8217;acord amb els requisits legalment establerts.<\/p>\n<p>&nbsp;<\/p>\n<p>JDA\/SFAI<\/p>\n","protected":false},"excerpt":{"rendered":"<p>Al BOE de l&#8217;21 de maig de 2020, es van publicar tres convenis subscrits entre el Ministeri de Treball i Economia Social i el Servei P\u00fablic d&#8217;Ocupaci\u00f3 Estatal, d&#8217;una banda, i d&#8217;una altra, respectivament, la Confederaci\u00f3 Espanyola de Caixes d&#8217;Estalvi ( CECA), l&#8217;Associaci\u00f3 Espanyola de Banca i la Uni\u00f3 Nacional de Cooperatives de Cr\u00e8dit. La<\/p>\n","protected":false},"author":50,"featured_media":16759,"comment_status":"open","ping_status":"open","sticky":false,"template":"","format":"standard","meta":{"rs_blank_template":"","rs_page_bg_color":"","slide_template_v7":"","footnotes":""},"categories":[773],"tags":[],"class_list":["post-16766","post","type-post","status-publish","format-standard","has-post-thumbnail","hentry","category-laboral-ca"],"_links":{"self":[{"href":"https:\/\/www.jda.es\/ca\/wp-json\/wp\/v2\/posts\/16766","targetHints":{"allow":["GET"]}}],"collection":[{"href":"https:\/\/www.jda.es\/ca\/wp-json\/wp\/v2\/posts"}],"about":[{"href":"https:\/\/www.jda.es\/ca\/wp-json\/wp\/v2\/types\/post"}],"author":[{"embeddable":true,"href":"https:\/\/www.jda.es\/ca\/wp-json\/wp\/v2\/users\/50"}],"replies":[{"embeddable":true,"href":"https:\/\/www.jda.es\/ca\/wp-json\/wp\/v2\/comments?post=16766"}],"version-history":[{"count":0,"href":"https:\/\/www.jda.es\/ca\/wp-json\/wp\/v2\/posts\/16766\/revisions"}],"wp:featuredmedia":[{"embeddable":true,"href":"https:\/\/www.jda.es\/ca\/wp-json\/wp\/v2\/media\/16759"}],"wp:attachment":[{"href":"https:\/\/www.jda.es\/ca\/wp-json\/wp\/v2\/media?parent=16766"}],"wp:term":[{"taxonomy":"category","embeddable":true,"href":"https:\/\/www.jda.es\/ca\/wp-json\/wp\/v2\/categories?post=16766"},{"taxonomy":"post_tag","embeddable":true,"href":"https:\/\/www.jda.es\/ca\/wp-json\/wp\/v2\/tags?post=16766"}],"curies":[{"name":"wp","href":"https:\/\/api.w.org\/{rel}","templated":true}]}}