{"id":15239,"date":"2019-10-30T16:46:42","date_gmt":"2019-10-30T16:46:42","guid":{"rendered":"http:\/\/fwcpfcf.cluster026.hosting.ovh.net\/la-proteccio-del-patrimoni-dels-fills-menors-dedat\/"},"modified":"2019-12-19T09:22:18","modified_gmt":"2019-12-19T09:22:18","slug":"la-proteccio-del-patrimoni-dels-fills-menors-dedat","status":"publish","type":"post","link":"https:\/\/www.jda.es\/ca\/la-proteccio-del-patrimoni-dels-fills-menors-dedat\/","title":{"rendered":"La protecci\u00f3 del patrimoni dels fills menors d&#8217;edat"},"content":{"rendered":"<p><span style=\"color: #000000;\">Com ja sabem, en el nostre dret, mentre no adquireixen la majoria d&#8217;edat o l&#8217;emancipaci\u00f3, els fills menors d&#8217;edat estan sotmesos a la p\u00e0tria potestat dels seus progenitors. Des del punt de vista patrimonial, l&#8217;exercici de la p\u00e0tria potestat comporta el deure i la facultat dels pares de representar i administrar els b\u00e9ns dels fills i fer-ho sempre respectant l&#8217;inter\u00e8s d&#8217;aquests.<\/span><\/p>\n<p><span style=\"color: #000000;\">No obstant l&#8217;anterior, la llei estableix diferents sup\u00f2sits en els quals els progenitors no poden actuar per si sols, sin\u00f3 que necessiten d&#8217;autoritzaci\u00f3 judicial pr\u00e8via per poder realitzar determinats actes d&#8217;administraci\u00f3 sobre concrets tipus de b\u00e9ns i drets dels seus fills menors.<\/span><\/p>\n<p><span style=\"color: #000000;\">El Codi Civil de Catalunya regula aquesta mat\u00e8ria en els articles 236.27 i seg\u00fcents, i es refereix, entre altres actes, a: l&#8217;alienaci\u00f3 i gravamen de b\u00e9ns i drets d&#8217;especial valor, com poden ser b\u00e9ns immobles i accions i participacions socials; la ren\u00fancia de drets reals o de cr\u00e8dit; la ren\u00fancia a donacions, her\u00e8ncies o llegats; donar i prendre diners a pr\u00e9stec; arrendar immobles per un termini superior a 15 anys; garantir obligacions alienes.<\/span><\/p>\n<p><span style=\"color: #000000;\">Si b\u00e9 l&#8217;inter\u00e8s del legislador est\u00e0 perfectament justificat en buscar la tutela judicial per evitar la realitzaci\u00f3 d&#8217;operacions econ\u00f2miques eventualment perjudicials per al patrimoni del menor, tamb\u00e9 \u00e9s cert que la lentitud del funcionament dels nostres tribunals pot frustrar en la pr\u00e0ctica la conclusi\u00f3 de negocis objectivament favorables. A m\u00e9s s&#8217;ha de tenir en compte que l&#8217;autoritzaci\u00f3 judicial ha de ser pr\u00e8via a l&#8217;operaci\u00f3 que es pretengui realitzar. Una autoritzaci\u00f3 posterior no convalida, doncs, una operaci\u00f3 ja realitzada. L&#8217;autoritzaci\u00f3, per altra banda, no es concedeix de forma general sin\u00f3 per a cada cas concret; sempre en inter\u00e8s del menor i nom\u00e9s en cas d&#8217;utilitat o necessitat degudament justificades.<\/span><\/p>\n<p><span style=\"color: #000000;\">Com a instruments alternatius a l&#8217;autoritzaci\u00f3 judicial, el legislador catal\u00e0 ha previst, en l&#8217;article 236.30 CCCat, la prestaci\u00f3 del consentiment a l&#8217;acte de qu\u00e8 es tracti manifestat en escriptura p\u00fablica, b\u00e9 pel propi fill, si t\u00e9 almenys 16 anys, b\u00e9 per dos parents m\u00e9s pr\u00f2xims del fill, de la manera prevista en l&#8217;article 424-6.1.a.CCCat. En aplicaci\u00f3 d&#8217;aquest \u00faltim precepte, el consentiment addicional de l&#8217;operaci\u00f3 haurien de prestar-tamb\u00e9 dos parents consanguinis, un de cada l\u00ednia de progenitors, amb el vincle de parentiu m\u00e9s pr\u00f2xim amb els fills o descendents, i dins de cada l\u00ednia amb prefer\u00e8ncia pel de m\u00e9s edat.<\/span><\/p>\n<p><span style=\"color: #000000;\">Aix\u00ed, en la pr\u00e0ctica, l&#8217;habitual ser\u00e0 el consentiment prestat pels avis del menor de m\u00e9s edat de cadascuna de les dues l\u00ednies. Si no hi avis, els seus oncles de m\u00e9s edat de cada l\u00ednia. I aix\u00ed successivament en la mesura que no hi hagi parents m\u00e9s propers. El Tribunal Superior de Just\u00edcia de Catalunya ha determinat que, en cas de fam\u00edlies monoparentals o a manca de parents en una de les l\u00ednies, aquesta falta es supleixi amb parents de l&#8217;\u00fanica l\u00ednia existent.<\/span><\/p>\n<hr \/>\n<p><strong>Josep Cobo<\/strong><\/p>\n<p>Advocat JDA\/SFAI<\/p>\n","protected":false},"excerpt":{"rendered":"<p>Com ja sabem, en el nostre dret, mentre no adquireixen la majoria d&#8217;edat o l&#8217;emancipaci\u00f3, els fills menors d&#8217;edat estan sotmesos a la p\u00e0tria potestat dels seus progenitors. Des del punt de vista patrimonial, l&#8217;exercici de la p\u00e0tria potestat comporta el deure i la facultat dels pares de representar i administrar els b\u00e9ns dels fills<\/p>\n","protected":false},"author":72,"featured_media":15236,"comment_status":"open","ping_status":"open","sticky":false,"template":"","format":"standard","meta":{"rs_blank_template":"","rs_page_bg_color":"","slide_template_v7":"","footnotes":""},"categories":[766,810],"tags":[],"class_list":["post-15239","post","type-post","status-publish","format-standard","has-post-thumbnail","hentry","category-legal-ca","category-opinio-ca"],"_links":{"self":[{"href":"https:\/\/www.jda.es\/ca\/wp-json\/wp\/v2\/posts\/15239","targetHints":{"allow":["GET"]}}],"collection":[{"href":"https:\/\/www.jda.es\/ca\/wp-json\/wp\/v2\/posts"}],"about":[{"href":"https:\/\/www.jda.es\/ca\/wp-json\/wp\/v2\/types\/post"}],"author":[{"embeddable":true,"href":"https:\/\/www.jda.es\/ca\/wp-json\/wp\/v2\/users\/72"}],"replies":[{"embeddable":true,"href":"https:\/\/www.jda.es\/ca\/wp-json\/wp\/v2\/comments?post=15239"}],"version-history":[{"count":0,"href":"https:\/\/www.jda.es\/ca\/wp-json\/wp\/v2\/posts\/15239\/revisions"}],"wp:featuredmedia":[{"embeddable":true,"href":"https:\/\/www.jda.es\/ca\/wp-json\/wp\/v2\/media\/15236"}],"wp:attachment":[{"href":"https:\/\/www.jda.es\/ca\/wp-json\/wp\/v2\/media?parent=15239"}],"wp:term":[{"taxonomy":"category","embeddable":true,"href":"https:\/\/www.jda.es\/ca\/wp-json\/wp\/v2\/categories?post=15239"},{"taxonomy":"post_tag","embeddable":true,"href":"https:\/\/www.jda.es\/ca\/wp-json\/wp\/v2\/tags?post=15239"}],"curies":[{"name":"wp","href":"https:\/\/api.w.org\/{rel}","templated":true}]}}